{"id":1380,"date":"2023-10-03T13:15:04","date_gmt":"2023-10-03T11:15:04","guid":{"rendered":"https:\/\/fromago.info\/aef\/feira-do-queijo-fromago-2024-confirma-datas-e-local-em-zamora-mas-procura-financiamento"},"modified":"2024-05-10T08:25:16","modified_gmt":"2024-05-10T06:25:16","slug":"feira-do-queijo-fromago-2024-confirma-datas-e-local-em-zamora-mas-procura-financiamento","status":"publish","type":"post","link":"https:\/\/fromago.info\/pt-pt\/feira-do-queijo-fromago-2024-confirma-datas-e-local-em-zamora-mas-procura-financiamento\/","title":{"rendered":"Feira do queijo Fromago 2024 confirma datas e local em Zamora, mas procura financiamento"},"content":{"rendered":"\n<p>A Diputaci\u00f3n Foral de Zamora contribuir\u00e1 com 550.000 euros de um or\u00e7amento estimado em 1,3 milh\u00f5es de euros.<\/p>\n\n<p>A segunda edi\u00e7\u00e3o do Fromago est\u00e1 \u00e0 procura de financiamento. A Diputaci\u00f3n Provincial comprometeu-se a promover a continuidade da feira com um or\u00e7amento de mais de meio milh\u00e3o de euros, mas este valor ainda est\u00e1 longe de ser o  <strong>Or\u00e7amento estimado de 1,3 milh\u00f5es de euros<\/strong>  para o evento que se realizar\u00e1 entre 1 e 15 de setembro de 2024. O presidente da institui\u00e7\u00e3o, Javier Fa\u00fandez, defendeu desde o in\u00edcio que muitas coisas tinham de ser alteradas no evento para o futuro. E uma delas \u00e9 a forma como os custos s\u00e3o partilhados. A ideia da Encarnaci\u00f3n \u00e9 que tanto a Junta de Castilla y Le\u00f3n como o Governo espanhol possam participar no projeto. Mas, sem d\u00favida, \u00e9 \u00e0 <a href=\"https:\/\/www.laopiniondezamora.es\/zamora\/\">C\u00e2mara Municipal de Zamora<\/a> que se pedir\u00e1 mais dinheiro, tendo em conta o retorno que uma iniciativa deste calibre deixar\u00e1 na cidade.<\/p>\n\n<p><a href=\"https:\/\/www.laopiniondezamora.es\/tags\/fromago-cheese-experience\/\">Fromago Cheese Experience 2024<\/a> deu os primeiros passos com uma reuni\u00e3o preliminar em que participaram representantes da Diputaci\u00f3n Foral, da Escola Internacional de Ind\u00fastrias L\u00e1cteas, da Caja Rural e do sector queijeiro. A reuni\u00e3o serviu para fixar as datas do evento, que ter\u00e1 lugar entre 12 e 15 de setembro do pr\u00f3ximo ano. E tamb\u00e9m para anunciar a imagem da empresa, muito semelhante \u00e0 do ano passado. Al\u00e9m disso, foram esclarecidas todas as d\u00favidas sobre o local do evento. &#8220;Qualquer pessoa com dois dedos de testa sabe que uma feira deste n\u00edvel s\u00f3 se pode realizar na capital&#8221;, afirmou <strong>Javier Fa\u00fandez<\/strong>. &#8220;Mas, obviamente, a C\u00e2mara Municipal de Zamora ter\u00e1 de estar ao mesmo n\u00edvel que esta feira e envolver-se ao mesmo n\u00edvel&#8221;, acrescentou.<\/p>\n\n<figure class=\"wp-block-image size-large\"><img loading=\"lazy\" decoding=\"async\" width=\"1024\" height=\"576\" src=\"https:\/\/fromago.info\/aef\/wp-content\/uploads\/2023\/12\/42155aba-94d3-451a-bd99-931060edd5c4_16-9-discover-aspect-ratio_default_0-1024x576.jpg\" alt=\"\" class=\"wp-image-1369\" srcset=\"https:\/\/fromago.info\/aef\/wp-content\/uploads\/2023\/12\/42155aba-94d3-451a-bd99-931060edd5c4_16-9-discover-aspect-ratio_default_0-1024x576.jpg 1024w, https:\/\/fromago.info\/aef\/wp-content\/uploads\/2023\/12\/42155aba-94d3-451a-bd99-931060edd5c4_16-9-discover-aspect-ratio_default_0-300x169.jpg 300w, https:\/\/fromago.info\/aef\/wp-content\/uploads\/2023\/12\/42155aba-94d3-451a-bd99-931060edd5c4_16-9-discover-aspect-ratio_default_0-768x432.jpg 768w, https:\/\/fromago.info\/aef\/wp-content\/uploads\/2023\/12\/42155aba-94d3-451a-bd99-931060edd5c4_16-9-discover-aspect-ratio_default_0.jpg 1200w\" sizes=\"auto, (max-width: 1024px) 100vw, 1024px\" \/><\/figure>\n\n<p>A batalha pelo dinheiro come\u00e7ou. Fa\u00fandez anunciou que o or\u00e7amento provincial para o pr\u00f3ximo ano afectar\u00e1 550.000 euros \u00e0 organiza\u00e7\u00e3o e promo\u00e7\u00e3o do Fromago Cheese Experience 2024. As primeiras conversa\u00e7\u00f5es com a Junta de Castilla y Le\u00f3n resultaram, alegadamente, num compromisso do governo regional de disponibilizar mais 200 000 euros. No entanto, faltaria ainda meio milh\u00e3o de euros para atingir o or\u00e7amento inicial de 1,3 milh\u00f5es de euros estimado pela Escola Internacional das Ind\u00fastrias L\u00e1cteas. A sua presidente, Sara Fregeneda, salientou que <strong>25% deste montante ser\u00e1 destinado \u00e0 publicidade e promo\u00e7\u00e3o<\/strong>, uma das partes mais importantes da feira.<\/p>\n\n<p>Para o efeito, uma delega\u00e7\u00e3o de Zamora, chefiada pelo pr\u00f3prio Javier Fa\u00fandez, estar\u00e1 presente no pr\u00f3ximo m\u00eas de setembro na<strong> cidade italiana de Bra <\/strong>para participar com tr\u00eas stands na feira do queijo. O objetivo n\u00e3o \u00e9 outro sen\u00e3o dar a conhecer os produtos de Fromago e <a href=\"https:\/\/www.laopiniondezamora.es\/zamora\/\">Zamora<\/a>, bem como tentar atrair grandes queijarias internacionais para a edi\u00e7\u00e3o de 2024 do Sal\u00e3o Internacional do Queijo. &#8220;\u00c9 um quadro muito importante para n\u00f3s, tanto em termos do sector agroalimentar como do turismo&#8221;, defendeu o Presidente.<\/p>\n","protected":false},"excerpt":{"rendered":"<p>A Diputaci\u00f3n Foral de Zamora contribuir\u00e1 com 550.000 euros de um or\u00e7amento estimado em 1,3 milh\u00f5es de euros. A segunda edi\u00e7\u00e3o do Fromago est\u00e1 \u00e0 procura de financiamento. A Diputaci\u00f3n Provincial comprometeu-se a promover a continuidade da feira com um or\u00e7amento de mais de meio milh\u00e3o de euros, mas este valor ainda est\u00e1 longe de [&hellip;]<\/p>\n","protected":false},"author":1,"featured_media":1374,"comment_status":"closed","ping_status":"closed","sticky":false,"template":"","format":"standard","meta":{"_acf_changed":false,"om_disable_all_campaigns":false,"footnotes":""},"categories":[],"tags":[],"class_list":["post-1380","post","type-post","status-publish","format-standard","has-post-thumbnail","hentry"],"acf":[],"yoast_head":"<!-- This site is optimized with the Yoast SEO plugin v27.3 - https:\/\/yoast.com\/product\/yoast-seo-wordpress\/ -->\n<title>Feira do queijo Fromago 2024 confirma datas e local em Zamora, mas procura financiamento - Fromago 2026 - Cheese Experience - Zamora<\/title>\n<meta name=\"robots\" content=\"index, follow, max-snippet:-1, max-image-preview:large, max-video-preview:-1\" \/>\n<link rel=\"canonical\" href=\"https:\/\/fromago.info\/pt-pt\/feira-do-queijo-fromago-2024-confirma-datas-e-local-em-zamora-mas-procura-financiamento\/\" \/>\n<meta property=\"og:locale\" content=\"pt_PT\" \/>\n<meta property=\"og:type\" content=\"article\" \/>\n<meta property=\"og:title\" content=\"Feira do queijo Fromago 2024 confirma datas e local em Zamora, mas procura financiamento - Fromago 2026 - Cheese Experience - Zamora\" \/>\n<meta property=\"og:description\" content=\"A Diputaci\u00f3n Foral de Zamora contribuir\u00e1 com 550.000 euros de um or\u00e7amento estimado em 1,3 milh\u00f5es de euros. A segunda edi\u00e7\u00e3o do Fromago est\u00e1 \u00e0 procura de financiamento. A Diputaci\u00f3n Provincial comprometeu-se a promover a continuidade da feira com um or\u00e7amento de mais de meio milh\u00e3o de euros, mas este valor ainda est\u00e1 longe de [&hellip;]\" \/>\n<meta property=\"og:url\" content=\"https:\/\/fromago.info\/pt-pt\/feira-do-queijo-fromago-2024-confirma-datas-e-local-em-zamora-mas-procura-financiamento\/\" \/>\n<meta property=\"og:site_name\" content=\"Fromago 2026 - Cheese Experience - Zamora\" \/>\n<meta property=\"article:publisher\" content=\"https:\/\/www.facebook.com\/FromagoZamora\/\" \/>\n<meta property=\"article:published_time\" content=\"2023-10-03T11:15:04+00:00\" \/>\n<meta property=\"article:modified_time\" content=\"2024-05-10T06:25:16+00:00\" \/>\n<meta property=\"og:image\" content=\"https:\/\/fromago.info\/aef\/wp-content\/uploads\/2023\/12\/0055ccdc-addc-4fc6-89dc-6b543bbe87ac_16-9-discover-aspect-ratio_default_0.jpg\" \/>\n\t<meta property=\"og:image:width\" content=\"1200\" \/>\n\t<meta property=\"og:image:height\" content=\"675\" \/>\n\t<meta property=\"og:image:type\" content=\"image\/jpeg\" \/>\n<meta name=\"author\" content=\"Fromago\" \/>\n<meta name=\"twitter:card\" content=\"summary_large_image\" \/>\n<meta name=\"twitter:creator\" content=\"@FromagoZamora\" \/>\n<meta name=\"twitter:site\" content=\"@FromagoZamora\" \/>\n<meta name=\"twitter:label1\" content=\"Escrito por\" \/>\n\t<meta name=\"twitter:data1\" content=\"Fromago\" \/>\n\t<meta name=\"twitter:label2\" content=\"Tempo estimado de leitura\" \/>\n\t<meta name=\"twitter:data2\" content=\"2 minutos\" \/>\n<script type=\"application\/ld+json\" class=\"yoast-schema-graph\">{\"@context\":\"https:\\\/\\\/schema.org\",\"@graph\":[{\"@type\":\"Article\",\"@id\":\"https:\\\/\\\/fromago.info\\\/pt-pt\\\/feira-do-queijo-fromago-2024-confirma-datas-e-local-em-zamora-mas-procura-financiamento\\\/#article\",\"isPartOf\":{\"@id\":\"https:\\\/\\\/fromago.info\\\/pt-pt\\\/feira-do-queijo-fromago-2024-confirma-datas-e-local-em-zamora-mas-procura-financiamento\\\/\"},\"author\":{\"name\":\"Fromago\",\"@id\":\"https:\\\/\\\/fromago.info\\\/pt-pt\\\/#\\\/schema\\\/person\\\/068651ce42fa2eeb7fbd0a0a1f509037\"},\"headline\":\"Feira do queijo Fromago 2024 confirma datas e local em Zamora, mas procura financiamento\",\"datePublished\":\"2023-10-03T11:15:04+00:00\",\"dateModified\":\"2024-05-10T06:25:16+00:00\",\"mainEntityOfPage\":{\"@id\":\"https:\\\/\\\/fromago.info\\\/pt-pt\\\/feira-do-queijo-fromago-2024-confirma-datas-e-local-em-zamora-mas-procura-financiamento\\\/\"},\"wordCount\":507,\"publisher\":{\"@id\":\"https:\\\/\\\/fromago.info\\\/pt-pt\\\/#organization\"},\"image\":{\"@id\":\"https:\\\/\\\/fromago.info\\\/pt-pt\\\/feira-do-queijo-fromago-2024-confirma-datas-e-local-em-zamora-mas-procura-financiamento\\\/#primaryimage\"},\"thumbnailUrl\":\"https:\\\/\\\/fromago.info\\\/aef\\\/wp-content\\\/uploads\\\/2023\\\/12\\\/0055ccdc-addc-4fc6-89dc-6b543bbe87ac_16-9-discover-aspect-ratio_default_0.jpg\",\"inLanguage\":\"pt-PT\"},{\"@type\":\"WebPage\",\"@id\":\"https:\\\/\\\/fromago.info\\\/pt-pt\\\/feira-do-queijo-fromago-2024-confirma-datas-e-local-em-zamora-mas-procura-financiamento\\\/\",\"url\":\"https:\\\/\\\/fromago.info\\\/pt-pt\\\/feira-do-queijo-fromago-2024-confirma-datas-e-local-em-zamora-mas-procura-financiamento\\\/\",\"name\":\"Feira do queijo Fromago 2024 confirma datas e local em Zamora, mas procura financiamento - Fromago 2026 - Cheese Experience - Zamora\",\"isPartOf\":{\"@id\":\"https:\\\/\\\/fromago.info\\\/pt-pt\\\/#website\"},\"primaryImageOfPage\":{\"@id\":\"https:\\\/\\\/fromago.info\\\/pt-pt\\\/feira-do-queijo-fromago-2024-confirma-datas-e-local-em-zamora-mas-procura-financiamento\\\/#primaryimage\"},\"image\":{\"@id\":\"https:\\\/\\\/fromago.info\\\/pt-pt\\\/feira-do-queijo-fromago-2024-confirma-datas-e-local-em-zamora-mas-procura-financiamento\\\/#primaryimage\"},\"thumbnailUrl\":\"https:\\\/\\\/fromago.info\\\/aef\\\/wp-content\\\/uploads\\\/2023\\\/12\\\/0055ccdc-addc-4fc6-89dc-6b543bbe87ac_16-9-discover-aspect-ratio_default_0.jpg\",\"datePublished\":\"2023-10-03T11:15:04+00:00\",\"dateModified\":\"2024-05-10T06:25:16+00:00\",\"breadcrumb\":{\"@id\":\"https:\\\/\\\/fromago.info\\\/pt-pt\\\/feira-do-queijo-fromago-2024-confirma-datas-e-local-em-zamora-mas-procura-financiamento\\\/#breadcrumb\"},\"inLanguage\":\"pt-PT\",\"potentialAction\":[{\"@type\":\"ReadAction\",\"target\":[\"https:\\\/\\\/fromago.info\\\/pt-pt\\\/feira-do-queijo-fromago-2024-confirma-datas-e-local-em-zamora-mas-procura-financiamento\\\/\"]}]},{\"@type\":\"ImageObject\",\"inLanguage\":\"pt-PT\",\"@id\":\"https:\\\/\\\/fromago.info\\\/pt-pt\\\/feira-do-queijo-fromago-2024-confirma-datas-e-local-em-zamora-mas-procura-financiamento\\\/#primaryimage\",\"url\":\"https:\\\/\\\/fromago.info\\\/aef\\\/wp-content\\\/uploads\\\/2023\\\/12\\\/0055ccdc-addc-4fc6-89dc-6b543bbe87ac_16-9-discover-aspect-ratio_default_0.jpg\",\"contentUrl\":\"https:\\\/\\\/fromago.info\\\/aef\\\/wp-content\\\/uploads\\\/2023\\\/12\\\/0055ccdc-addc-4fc6-89dc-6b543bbe87ac_16-9-discover-aspect-ratio_default_0.jpg\",\"width\":1200,\"height\":675},{\"@type\":\"BreadcrumbList\",\"@id\":\"https:\\\/\\\/fromago.info\\\/pt-pt\\\/feira-do-queijo-fromago-2024-confirma-datas-e-local-em-zamora-mas-procura-financiamento\\\/#breadcrumb\",\"itemListElement\":[{\"@type\":\"ListItem\",\"position\":1,\"name\":\"Portada\",\"item\":\"https:\\\/\\\/fromago.info\\\/pt-pt\\\/inicio\\\/\"},{\"@type\":\"ListItem\",\"position\":2,\"name\":\"Feira do queijo Fromago 2024 confirma datas e local em Zamora, mas procura financiamento\"}]},{\"@type\":\"WebSite\",\"@id\":\"https:\\\/\\\/fromago.info\\\/pt-pt\\\/#website\",\"url\":\"https:\\\/\\\/fromago.info\\\/pt-pt\\\/\",\"name\":\"Fromago 2026 - Cheese Experience - Zamora\",\"description\":\"El mayor evento quesero de Espa\u00f1a\",\"publisher\":{\"@id\":\"https:\\\/\\\/fromago.info\\\/pt-pt\\\/#organization\"},\"alternateName\":\"Fromago 2026 - Cheese Experience\",\"potentialAction\":[{\"@type\":\"SearchAction\",\"target\":{\"@type\":\"EntryPoint\",\"urlTemplate\":\"https:\\\/\\\/fromago.info\\\/pt-pt\\\/?s={search_term_string}\"},\"query-input\":{\"@type\":\"PropertyValueSpecification\",\"valueRequired\":true,\"valueName\":\"search_term_string\"}}],\"inLanguage\":\"pt-PT\"},{\"@type\":\"Organization\",\"@id\":\"https:\\\/\\\/fromago.info\\\/pt-pt\\\/#organization\",\"name\":\"Fromago 2026 - Cheese Experience\",\"alternateName\":\"Fromago 2026 - Cheese Experience - Zamora\",\"url\":\"https:\\\/\\\/fromago.info\\\/pt-pt\\\/\",\"logo\":{\"@type\":\"ImageObject\",\"inLanguage\":\"pt-PT\",\"@id\":\"https:\\\/\\\/fromago.info\\\/pt-pt\\\/#\\\/schema\\\/logo\\\/image\\\/\",\"url\":\"https:\\\/\\\/fromago.info\\\/aef\\\/wp-content\\\/uploads\\\/logo-fromago-triangulo.jpg\",\"contentUrl\":\"https:\\\/\\\/fromago.info\\\/aef\\\/wp-content\\\/uploads\\\/logo-fromago-triangulo.jpg\",\"width\":1417,\"height\":1417,\"caption\":\"Fromago 2026 - Cheese Experience\"},\"image\":{\"@id\":\"https:\\\/\\\/fromago.info\\\/pt-pt\\\/#\\\/schema\\\/logo\\\/image\\\/\"},\"sameAs\":[\"https:\\\/\\\/www.facebook.com\\\/FromagoZamora\\\/\",\"https:\\\/\\\/x.com\\\/FromagoZamora\",\"https:\\\/\\\/www.instagram.com\\\/fromagozamora\\\/\",\"https:\\\/\\\/www.youtube.com\\\/@FromagoZamora\"]},{\"@type\":\"Person\",\"@id\":\"https:\\\/\\\/fromago.info\\\/pt-pt\\\/#\\\/schema\\\/person\\\/068651ce42fa2eeb7fbd0a0a1f509037\",\"name\":\"Fromago\",\"image\":{\"@type\":\"ImageObject\",\"inLanguage\":\"pt-PT\",\"@id\":\"https:\\\/\\\/secure.gravatar.com\\\/avatar\\\/96a2420f1490ecf1101095371e7278b950a339202bec11ab010fe4e5a6c73e40?s=96&d=mm&r=g\",\"url\":\"https:\\\/\\\/secure.gravatar.com\\\/avatar\\\/96a2420f1490ecf1101095371e7278b950a339202bec11ab010fe4e5a6c73e40?s=96&d=mm&r=g\",\"contentUrl\":\"https:\\\/\\\/secure.gravatar.com\\\/avatar\\\/96a2420f1490ecf1101095371e7278b950a339202bec11ab010fe4e5a6c73e40?s=96&d=mm&r=g\",\"caption\":\"Fromago\"}}]}<\/script>\n<!-- \/ Yoast SEO plugin. -->","yoast_head_json":{"title":"Feira do queijo Fromago 2024 confirma datas e local em Zamora, mas procura financiamento - Fromago 2026 - Cheese Experience - Zamora","robots":{"index":"index","follow":"follow","max-snippet":"max-snippet:-1","max-image-preview":"max-image-preview:large","max-video-preview":"max-video-preview:-1"},"canonical":"https:\/\/fromago.info\/pt-pt\/feira-do-queijo-fromago-2024-confirma-datas-e-local-em-zamora-mas-procura-financiamento\/","og_locale":"pt_PT","og_type":"article","og_title":"Feira do queijo Fromago 2024 confirma datas e local em Zamora, mas procura financiamento - Fromago 2026 - Cheese Experience - Zamora","og_description":"A Diputaci\u00f3n Foral de Zamora contribuir\u00e1 com 550.000 euros de um or\u00e7amento estimado em 1,3 milh\u00f5es de euros. A segunda edi\u00e7\u00e3o do Fromago est\u00e1 \u00e0 procura de financiamento. A Diputaci\u00f3n Provincial comprometeu-se a promover a continuidade da feira com um or\u00e7amento de mais de meio milh\u00e3o de euros, mas este valor ainda est\u00e1 longe de [&hellip;]","og_url":"https:\/\/fromago.info\/pt-pt\/feira-do-queijo-fromago-2024-confirma-datas-e-local-em-zamora-mas-procura-financiamento\/","og_site_name":"Fromago 2026 - Cheese Experience - Zamora","article_publisher":"https:\/\/www.facebook.com\/FromagoZamora\/","article_published_time":"2023-10-03T11:15:04+00:00","article_modified_time":"2024-05-10T06:25:16+00:00","og_image":[{"width":1200,"height":675,"url":"https:\/\/fromago.info\/aef\/wp-content\/uploads\/2023\/12\/0055ccdc-addc-4fc6-89dc-6b543bbe87ac_16-9-discover-aspect-ratio_default_0.jpg","type":"image\/jpeg"}],"author":"Fromago","twitter_card":"summary_large_image","twitter_creator":"@FromagoZamora","twitter_site":"@FromagoZamora","twitter_misc":{"Escrito por":"Fromago","Tempo estimado de leitura":"2 minutos"},"schema":{"@context":"https:\/\/schema.org","@graph":[{"@type":"Article","@id":"https:\/\/fromago.info\/pt-pt\/feira-do-queijo-fromago-2024-confirma-datas-e-local-em-zamora-mas-procura-financiamento\/#article","isPartOf":{"@id":"https:\/\/fromago.info\/pt-pt\/feira-do-queijo-fromago-2024-confirma-datas-e-local-em-zamora-mas-procura-financiamento\/"},"author":{"name":"Fromago","@id":"https:\/\/fromago.info\/pt-pt\/#\/schema\/person\/068651ce42fa2eeb7fbd0a0a1f509037"},"headline":"Feira do queijo Fromago 2024 confirma datas e local em Zamora, mas procura financiamento","datePublished":"2023-10-03T11:15:04+00:00","dateModified":"2024-05-10T06:25:16+00:00","mainEntityOfPage":{"@id":"https:\/\/fromago.info\/pt-pt\/feira-do-queijo-fromago-2024-confirma-datas-e-local-em-zamora-mas-procura-financiamento\/"},"wordCount":507,"publisher":{"@id":"https:\/\/fromago.info\/pt-pt\/#organization"},"image":{"@id":"https:\/\/fromago.info\/pt-pt\/feira-do-queijo-fromago-2024-confirma-datas-e-local-em-zamora-mas-procura-financiamento\/#primaryimage"},"thumbnailUrl":"https:\/\/fromago.info\/aef\/wp-content\/uploads\/2023\/12\/0055ccdc-addc-4fc6-89dc-6b543bbe87ac_16-9-discover-aspect-ratio_default_0.jpg","inLanguage":"pt-PT"},{"@type":"WebPage","@id":"https:\/\/fromago.info\/pt-pt\/feira-do-queijo-fromago-2024-confirma-datas-e-local-em-zamora-mas-procura-financiamento\/","url":"https:\/\/fromago.info\/pt-pt\/feira-do-queijo-fromago-2024-confirma-datas-e-local-em-zamora-mas-procura-financiamento\/","name":"Feira do queijo Fromago 2024 confirma datas e local em Zamora, mas procura financiamento - Fromago 2026 - Cheese Experience - Zamora","isPartOf":{"@id":"https:\/\/fromago.info\/pt-pt\/#website"},"primaryImageOfPage":{"@id":"https:\/\/fromago.info\/pt-pt\/feira-do-queijo-fromago-2024-confirma-datas-e-local-em-zamora-mas-procura-financiamento\/#primaryimage"},"image":{"@id":"https:\/\/fromago.info\/pt-pt\/feira-do-queijo-fromago-2024-confirma-datas-e-local-em-zamora-mas-procura-financiamento\/#primaryimage"},"thumbnailUrl":"https:\/\/fromago.info\/aef\/wp-content\/uploads\/2023\/12\/0055ccdc-addc-4fc6-89dc-6b543bbe87ac_16-9-discover-aspect-ratio_default_0.jpg","datePublished":"2023-10-03T11:15:04+00:00","dateModified":"2024-05-10T06:25:16+00:00","breadcrumb":{"@id":"https:\/\/fromago.info\/pt-pt\/feira-do-queijo-fromago-2024-confirma-datas-e-local-em-zamora-mas-procura-financiamento\/#breadcrumb"},"inLanguage":"pt-PT","potentialAction":[{"@type":"ReadAction","target":["https:\/\/fromago.info\/pt-pt\/feira-do-queijo-fromago-2024-confirma-datas-e-local-em-zamora-mas-procura-financiamento\/"]}]},{"@type":"ImageObject","inLanguage":"pt-PT","@id":"https:\/\/fromago.info\/pt-pt\/feira-do-queijo-fromago-2024-confirma-datas-e-local-em-zamora-mas-procura-financiamento\/#primaryimage","url":"https:\/\/fromago.info\/aef\/wp-content\/uploads\/2023\/12\/0055ccdc-addc-4fc6-89dc-6b543bbe87ac_16-9-discover-aspect-ratio_default_0.jpg","contentUrl":"https:\/\/fromago.info\/aef\/wp-content\/uploads\/2023\/12\/0055ccdc-addc-4fc6-89dc-6b543bbe87ac_16-9-discover-aspect-ratio_default_0.jpg","width":1200,"height":675},{"@type":"BreadcrumbList","@id":"https:\/\/fromago.info\/pt-pt\/feira-do-queijo-fromago-2024-confirma-datas-e-local-em-zamora-mas-procura-financiamento\/#breadcrumb","itemListElement":[{"@type":"ListItem","position":1,"name":"Portada","item":"https:\/\/fromago.info\/pt-pt\/inicio\/"},{"@type":"ListItem","position":2,"name":"Feira do queijo Fromago 2024 confirma datas e local em Zamora, mas procura financiamento"}]},{"@type":"WebSite","@id":"https:\/\/fromago.info\/pt-pt\/#website","url":"https:\/\/fromago.info\/pt-pt\/","name":"Fromago 2026 - Cheese Experience - Zamora","description":"El mayor evento quesero de Espa\u00f1a","publisher":{"@id":"https:\/\/fromago.info\/pt-pt\/#organization"},"alternateName":"Fromago 2026 - Cheese Experience","potentialAction":[{"@type":"SearchAction","target":{"@type":"EntryPoint","urlTemplate":"https:\/\/fromago.info\/pt-pt\/?s={search_term_string}"},"query-input":{"@type":"PropertyValueSpecification","valueRequired":true,"valueName":"search_term_string"}}],"inLanguage":"pt-PT"},{"@type":"Organization","@id":"https:\/\/fromago.info\/pt-pt\/#organization","name":"Fromago 2026 - Cheese Experience","alternateName":"Fromago 2026 - Cheese Experience - Zamora","url":"https:\/\/fromago.info\/pt-pt\/","logo":{"@type":"ImageObject","inLanguage":"pt-PT","@id":"https:\/\/fromago.info\/pt-pt\/#\/schema\/logo\/image\/","url":"https:\/\/fromago.info\/aef\/wp-content\/uploads\/logo-fromago-triangulo.jpg","contentUrl":"https:\/\/fromago.info\/aef\/wp-content\/uploads\/logo-fromago-triangulo.jpg","width":1417,"height":1417,"caption":"Fromago 2026 - Cheese Experience"},"image":{"@id":"https:\/\/fromago.info\/pt-pt\/#\/schema\/logo\/image\/"},"sameAs":["https:\/\/www.facebook.com\/FromagoZamora\/","https:\/\/x.com\/FromagoZamora","https:\/\/www.instagram.com\/fromagozamora\/","https:\/\/www.youtube.com\/@FromagoZamora"]},{"@type":"Person","@id":"https:\/\/fromago.info\/pt-pt\/#\/schema\/person\/068651ce42fa2eeb7fbd0a0a1f509037","name":"Fromago","image":{"@type":"ImageObject","inLanguage":"pt-PT","@id":"https:\/\/secure.gravatar.com\/avatar\/96a2420f1490ecf1101095371e7278b950a339202bec11ab010fe4e5a6c73e40?s=96&d=mm&r=g","url":"https:\/\/secure.gravatar.com\/avatar\/96a2420f1490ecf1101095371e7278b950a339202bec11ab010fe4e5a6c73e40?s=96&d=mm&r=g","contentUrl":"https:\/\/secure.gravatar.com\/avatar\/96a2420f1490ecf1101095371e7278b950a339202bec11ab010fe4e5a6c73e40?s=96&d=mm&r=g","caption":"Fromago"}}]}},"_links":{"self":[{"href":"https:\/\/fromago.info\/pt-pt\/wp-json\/wp\/v2\/posts\/1380","targetHints":{"allow":["GET"]}}],"collection":[{"href":"https:\/\/fromago.info\/pt-pt\/wp-json\/wp\/v2\/posts"}],"about":[{"href":"https:\/\/fromago.info\/pt-pt\/wp-json\/wp\/v2\/types\/post"}],"author":[{"embeddable":true,"href":"https:\/\/fromago.info\/pt-pt\/wp-json\/wp\/v2\/users\/1"}],"replies":[{"embeddable":true,"href":"https:\/\/fromago.info\/pt-pt\/wp-json\/wp\/v2\/comments?post=1380"}],"version-history":[{"count":0,"href":"https:\/\/fromago.info\/pt-pt\/wp-json\/wp\/v2\/posts\/1380\/revisions"}],"wp:featuredmedia":[{"embeddable":true,"href":"https:\/\/fromago.info\/pt-pt\/wp-json\/wp\/v2\/media\/1374"}],"wp:attachment":[{"href":"https:\/\/fromago.info\/pt-pt\/wp-json\/wp\/v2\/media?parent=1380"}],"wp:term":[{"taxonomy":"category","embeddable":true,"href":"https:\/\/fromago.info\/pt-pt\/wp-json\/wp\/v2\/categories?post=1380"},{"taxonomy":"post_tag","embeddable":true,"href":"https:\/\/fromago.info\/pt-pt\/wp-json\/wp\/v2\/tags?post=1380"}],"curies":[{"name":"wp","href":"https:\/\/api.w.org\/{rel}","templated":true}]}}