{"id":6784,"date":"2024-08-29T11:11:42","date_gmt":"2024-08-29T09:11:42","guid":{"rendered":"https:\/\/fromago.info\/aef\/cipriano-garcia-diretor-da-caja-rural-de-zamora-todas-as-empresas-de-queijo-importantes-estao-na-nossa-provincia"},"modified":"2024-08-29T11:29:08","modified_gmt":"2024-08-29T09:29:08","slug":"cipriano-garcia-diretor-da-caja-rural-de-zamora-todas-as-empresas-de-queijo-importantes-estao-na-nossa-provincia","status":"publish","type":"post","link":"https:\/\/fromago.info\/pt-pt\/cipriano-garcia-diretor-da-caja-rural-de-zamora-todas-as-empresas-de-queijo-importantes-estao-na-nossa-provincia\/","title":{"rendered":"Cipriano Garc\u00eda, Diretor da Caja Rural de Zamora: &#8220;Todas as empresas de queijo importantes est\u00e3o na nossa prov\u00edncia&#8221;."},"content":{"rendered":"\n<p>O nome de Cipriano Garc\u00eda est\u00e1 ligado \u00e0 Caja Rural de Zamora h\u00e1 mais de 50 anos, metade dos quais como diretor da institui\u00e7\u00e3o.\nGarc\u00eda \u00e9 uma institui\u00e7\u00e3o em Zamora e na sua prov\u00edncia, liderando um capital humano de mais de 350 empregados que trabalham em 105 locais, n\u00e3o s\u00f3 em Zamora, mas tamb\u00e9m em Le\u00f3n, Ourense, Valladolid e Madrid. <\/p>\n\n<p>Toda uma vida profissional dedicada \u00e0 Caja Rural de Zamora, mas tamb\u00e9m toda uma vida pessoal, j\u00e1 que entrou para o banco quando tinha apenas 15 anos, raz\u00e3o pela qual esta caixa econ\u00f3mica desempenhou um papel fundamental no seu desenvolvimento vital ao longo de mais de meio s\u00e9culo.<\/p>\n\n<p>Agora, por ocasi\u00e3o de Fromago 2024, uma feira na qual a Caja Rural colabora como patrocinador Gold com uma contribui\u00e7\u00e3o de 50.000 euros para a sua organiza\u00e7\u00e3o e realiza\u00e7\u00e3o, Garc\u00eda analisa o envolvimento do banco com este evento, as actividades previstas e tamb\u00e9m o que este evento significa para a cidade e a prov\u00edncia de Zamora.<\/p>\n\n<p><strong>O que significa Fromago para a Caja Rural?<\/strong><\/p>\n\n<p>Esta \u00e9 uma iniciativa muito importante para Zamora e tudo o que \u00e9 importante para Zamora \u00e9, naturalmente, tamb\u00e9m importante para a Caja Rural.\nPenso que \u00e9 uma montra a n\u00edvel mundial, nem sequer a n\u00edvel nacional ou internacional, que, de alguma forma, real\u00e7a o valor de um produto muito importante numa prov\u00edncia como a nossa.\nSomos os maiores produtores e, da parte da Caja Rural, obviamente, estamos, como sempre, dispostos a apoiar o que acontece aqui.  <\/p>\n\n<p><strong>De que forma \u00e9 que a entidade quer estar presente durante a feira?<\/strong><\/p>\n\n<p>Fundamentalmente, no dom\u00ednio econ\u00f3mico.\nN\u00e3o h\u00e1 nenhuma iniciativa ou projeto que possa ser levado a cabo sem dinheiro, mas creio que da nossa parte h\u00e1 uma predisposi\u00e7\u00e3o n\u00e3o s\u00f3 para fornecer o dinheiro, mas tamb\u00e9m para estarmos suficientemente pr\u00f3ximos para cobrir as necessidades nos dom\u00ednios recreativo e cultural.\nDe certa forma, a nossa predisposi\u00e7\u00e3o est\u00e1 absolutamente aberta a qualquer possibilidade de desenvolvimento do projeto.  <\/p>\n\n<p><strong>Que actividades est\u00e3o previstas?<\/strong><\/p>\n\n<p>Para al\u00e9m da contribui\u00e7\u00e3o monet\u00e1ria de 50.000 euros, vamos levar a cabo uma s\u00e9rie de actua\u00e7\u00f5es musicais na Plaza Mayor, onde teremos o nosso stand.\nVamos colaborar com Zamora10, com a C\u00e2mara Municipal, com a Diputaci\u00f3n Provincial e com a CEOE na promo\u00e7\u00e3o de uma campanha comercial com descontos significativos que j\u00e1 realiz\u00e1mos noutras actividades durante a \u00e9poca de inverno e, de alguma forma, ter uma colabora\u00e7\u00e3o muito ativa em qualquer iniciativa que o projeto queira, qualquer situa\u00e7\u00e3o que possa surgir durante a feira, como \u00e9 a nossa filosofia geral. <\/p>\n\n<p><strong>Qual \u00e9 a import\u00e2ncia de apoiar financeiramente a feira?<\/strong><\/p>\n\n<p>\u00c9 fundamental, claro, sem dinheiro n\u00e3o podes levar a cabo qualquer tipo de atividade.\nE penso que o mais importante \u00e9 o aspeto econ\u00f3mico.\nMas, como digo, h\u00e1 tamb\u00e9m outras formas de colaborar e ativar esta feira que, de alguma forma, potenciam aquilo que queremos que Zamora seja, em suma.  <\/p>\n\n<p>Penso que a feira \u00e9 um pretexto muito importante, mas o objetivo final, creio, \u00e9 promover esta prov\u00edncia, como j\u00e1 disse, n\u00e3o s\u00f3 a n\u00edvel nacional, mas tamb\u00e9m a n\u00edvel mundial.<\/p>\n\n<p><strong>Qual foi a evolu\u00e7\u00e3o econ\u00f3mica e social de Zamora nos \u00faltimos anos?<\/strong><\/p>\n\n<p>A situa\u00e7\u00e3o em Zamora \u00e9 bem conhecida.\nSomos uma prov\u00edncia bastante despovoada.\nPenso que necessitamos de um impulso como este.\nNos \u00faltimos tempos, a nossa situa\u00e7\u00e3o tornou-se conhecida em todo o mundo.   <\/p>\n\n<p>Temos de tomar iniciativas deste tipo com tudo aquilo que somos capazes de contribuir em todas as \u00e1reas e que \u00e9 valorizado numa perspetiva de unidade, pensando sempre de forma positiva e acreditando que a nossa situa\u00e7\u00e3o atual pode sempre ser melhorada.<\/p>\n\n<p><strong>Onde est\u00e1 o futuro de Zamora?<\/strong><\/p>\n\n<p>Penso que desenvolvendo todos os pontos fortes que temos, promovendo as nossas pr\u00f3prias empresas, porque temos empresas muito importantes nesta prov\u00edncia, que de alguma forma est\u00e3o constantemente a credenciar-se como promotores inovadores, at\u00e9.\nMas penso que nos falta unidade. <\/p>\n\n<p>Precisamos de unificar os crit\u00e9rios e de nos esfor\u00e7armos todos na mesma dire\u00e7\u00e3o e h\u00e1 empresas muito importantes com empres\u00e1rios de renome, penso que h\u00e1 um individualismo que devemos ultrapassar sem pensar no individualismo, que penso que nos enfraquece.<\/p>\n\n<p><strong>O sector do queijo \u00e9 fundamental para a sua evolu\u00e7\u00e3o?<\/strong><\/p>\n\n<p>Sim, claro.\nO sector do queijo na prov\u00edncia de Zamora \u00e9 absolutamente fundamental e essencial.\nSomos, de longe, a prov\u00edncia com mais ovelhas em Espanha.\nTodas as grandes empresas de queijo est\u00e3o na nossa prov\u00edncia.   <\/p>\n\n<p>H\u00e1 muitos produtores de todos os n\u00edveis, de todos os tipos, estabelecidos em Zamora, em consequ\u00eancia do que eu disse anteriormente.\nPenso que \u00e9 uma ind\u00fastria florescente e, al\u00e9m disso, penso que \u00e9 uma ind\u00fastria de que nos podemos orgulhar precisamente porque somos os produtores, mas tamb\u00e9m porque temos os melhores queijeiros e os melhores queijos do mundo saem de Zamora. <\/p>\n\n<p><strong>Estas feiras abrem Zamora ao mundo?<\/strong><\/p>\n\n<p>Sim, claro que sim.\nUm dos fundamentos da feira \u00e9 precisamente o de ser uma montra.\nDe alguma forma, para que o mundo saiba que Zamora existe.\nCreio que esta feira poderia ser a semente de muitas outras que se poderiam realizar em busca de produtos locais como este e que, de alguma forma, poderia servir de refer\u00eancia para uma infinidade de possibilidades de desenvolvimento que, como disse, creio que esta prov\u00edncia tem.\nE creio que, efetivamente, esta feira \u00e9 extremamente importante para n\u00f3s.    <\/p>\n\n<p><strong>Como \u00e9 que Zamora pode ser revitalizada?<\/strong><\/p>\n\n<p>Promovendo os nossos valores.\nTemos uma ind\u00fastria agroalimentar extremamente importante, temos um patrim\u00f3nio excecional e temos recursos naturais, especialmente no dom\u00ednio da energia, que s\u00e3o absolutamente inigual\u00e1veis. <\/p>\n\n<p>Somos uma das prov\u00edncias que mais energia transmite ou transmitiu nos \u00faltimos 100 anos a outras prov\u00edncias ou regi\u00f5es que n\u00e3o a nossa, que evolu\u00edram exponencialmente e, de alguma forma, n\u00f3s, que fomos os produtores, fic\u00e1mos no fim da fila, enquanto que os locais para onde a energia foi dirigida, que foi o elemento diferenciador dos \u00faltimos 100 anos, s\u00e3o os mais ricos de Espanha.<\/p>\n\n<p>Penso que existe um desequil\u00edbrio claro e irracional que, de alguma forma, deveria servir de incentivo e de est\u00edmulo para que os zamoranos tentem melhorar a nossa situa\u00e7\u00e3o.<\/p>\n","protected":false},"excerpt":{"rendered":"<p>O nome de Cipriano Garc\u00eda est\u00e1 ligado \u00e0 Caja Rural de Zamora h\u00e1 mais de 50 anos, metade dos quais como diretor da institui\u00e7\u00e3o. Garc\u00eda \u00e9 uma institui\u00e7\u00e3o em Zamora e na sua prov\u00edncia, liderando um capital humano de mais de 350 empregados que trabalham em 105 locais, n\u00e3o s\u00f3 em Zamora, mas tamb\u00e9m em [&hellip;]<\/p>\n","protected":false},"author":1,"featured_media":6905,"comment_status":"closed","ping_status":"closed","sticky":false,"template":"","format":"standard","meta":{"_acf_changed":false,"om_disable_all_campaigns":false,"footnotes":""},"categories":[184],"tags":[260,193,195,194,197,261,196],"class_list":["post-6784","post","type-post","status-publish","format-standard","has-post-thumbnail","hentry","category-blog-pt-pt-2","tag-caixa","tag-fromago-pt-pt","tag-justo","tag-queijo","tag-queijo-pt-pt","tag-rural-pt-pt","tag-zamora-pt-pt"],"acf":[],"yoast_head":"<!-- This site is optimized with the Yoast SEO plugin v27.3 - https:\/\/yoast.com\/product\/yoast-seo-wordpress\/ -->\n<title>Cipriano Garc\u00eda, Diretor da Caja Rural de Zamora: &quot;Todas as empresas de queijo importantes est\u00e3o na nossa prov\u00edncia&quot;. - Fromago 2026 - Cheese Experience - Zamora<\/title>\n<meta name=\"robots\" content=\"index, follow, max-snippet:-1, max-image-preview:large, max-video-preview:-1\" \/>\n<link rel=\"canonical\" href=\"https:\/\/fromago.info\/pt-pt\/cipriano-garcia-diretor-da-caja-rural-de-zamora-todas-as-empresas-de-queijo-importantes-estao-na-nossa-provincia\/\" \/>\n<meta property=\"og:locale\" content=\"pt_PT\" \/>\n<meta property=\"og:type\" content=\"article\" \/>\n<meta property=\"og:title\" content=\"Cipriano Garc\u00eda, Diretor da Caja Rural de Zamora: &quot;Todas as empresas de queijo importantes est\u00e3o na nossa prov\u00edncia&quot;. - Fromago 2026 - Cheese Experience - Zamora\" \/>\n<meta property=\"og:description\" content=\"O nome de Cipriano Garc\u00eda est\u00e1 ligado \u00e0 Caja Rural de Zamora h\u00e1 mais de 50 anos, metade dos quais como diretor da institui\u00e7\u00e3o. Garc\u00eda \u00e9 uma institui\u00e7\u00e3o em Zamora e na sua prov\u00edncia, liderando um capital humano de mais de 350 empregados que trabalham em 105 locais, n\u00e3o s\u00f3 em Zamora, mas tamb\u00e9m em [&hellip;]\" \/>\n<meta property=\"og:url\" content=\"https:\/\/fromago.info\/pt-pt\/cipriano-garcia-diretor-da-caja-rural-de-zamora-todas-as-empresas-de-queijo-importantes-estao-na-nossa-provincia\/\" \/>\n<meta property=\"og:site_name\" content=\"Fromago 2026 - Cheese Experience - Zamora\" \/>\n<meta property=\"article:publisher\" content=\"https:\/\/www.facebook.com\/FromagoZamora\/\" \/>\n<meta property=\"article:published_time\" content=\"2024-08-29T09:11:42+00:00\" \/>\n<meta property=\"article:modified_time\" content=\"2024-08-29T09:29:08+00:00\" \/>\n<meta property=\"og:image\" content=\"https:\/\/fromago.info\/aef\/wp-content\/uploads\/2024\/08\/FOTO-CIPRIANO-ENTREVISTA-FROMAGO-scaled.jpg\" \/>\n\t<meta property=\"og:image:width\" content=\"2560\" \/>\n\t<meta property=\"og:image:height\" content=\"1707\" \/>\n\t<meta property=\"og:image:type\" content=\"image\/jpeg\" \/>\n<meta name=\"author\" content=\"Fromago\" \/>\n<meta name=\"twitter:card\" content=\"summary_large_image\" \/>\n<meta name=\"twitter:creator\" content=\"@FromagoZamora\" \/>\n<meta name=\"twitter:site\" content=\"@FromagoZamora\" \/>\n<meta name=\"twitter:label1\" content=\"Escrito por\" \/>\n\t<meta name=\"twitter:data1\" content=\"Fromago\" \/>\n\t<meta name=\"twitter:label2\" content=\"Tempo estimado de leitura\" \/>\n\t<meta name=\"twitter:data2\" content=\"5 minutos\" \/>\n<script type=\"application\/ld+json\" class=\"yoast-schema-graph\">{\"@context\":\"https:\\\/\\\/schema.org\",\"@graph\":[{\"@type\":\"Article\",\"@id\":\"https:\\\/\\\/fromago.info\\\/pt-pt\\\/cipriano-garcia-diretor-da-caja-rural-de-zamora-todas-as-empresas-de-queijo-importantes-estao-na-nossa-provincia\\\/#article\",\"isPartOf\":{\"@id\":\"https:\\\/\\\/fromago.info\\\/pt-pt\\\/cipriano-garcia-diretor-da-caja-rural-de-zamora-todas-as-empresas-de-queijo-importantes-estao-na-nossa-provincia\\\/\"},\"author\":{\"name\":\"Fromago\",\"@id\":\"https:\\\/\\\/fromago.info\\\/pt-pt\\\/#\\\/schema\\\/person\\\/068651ce42fa2eeb7fbd0a0a1f509037\"},\"headline\":\"Cipriano Garc\u00eda, Diretor da Caja Rural de Zamora: &#8220;Todas as empresas de queijo importantes est\u00e3o na nossa prov\u00edncia&#8221;.\",\"datePublished\":\"2024-08-29T09:11:42+00:00\",\"dateModified\":\"2024-08-29T09:29:08+00:00\",\"mainEntityOfPage\":{\"@id\":\"https:\\\/\\\/fromago.info\\\/pt-pt\\\/cipriano-garcia-diretor-da-caja-rural-de-zamora-todas-as-empresas-de-queijo-importantes-estao-na-nossa-provincia\\\/\"},\"wordCount\":1089,\"publisher\":{\"@id\":\"https:\\\/\\\/fromago.info\\\/pt-pt\\\/#organization\"},\"image\":{\"@id\":\"https:\\\/\\\/fromago.info\\\/pt-pt\\\/cipriano-garcia-diretor-da-caja-rural-de-zamora-todas-as-empresas-de-queijo-importantes-estao-na-nossa-provincia\\\/#primaryimage\"},\"thumbnailUrl\":\"https:\\\/\\\/fromago.info\\\/aef\\\/wp-content\\\/uploads\\\/2024\\\/08\\\/FOTO-CIPRIANO-ENTREVISTA-FROMAGO-scaled.jpg\",\"keywords\":[\"caixa\",\"fromago\",\"justo\",\"queijo\",\"queijo\",\"rural\",\"zamora\"],\"articleSection\":[\"BLOG\"],\"inLanguage\":\"pt-PT\"},{\"@type\":\"WebPage\",\"@id\":\"https:\\\/\\\/fromago.info\\\/pt-pt\\\/cipriano-garcia-diretor-da-caja-rural-de-zamora-todas-as-empresas-de-queijo-importantes-estao-na-nossa-provincia\\\/\",\"url\":\"https:\\\/\\\/fromago.info\\\/pt-pt\\\/cipriano-garcia-diretor-da-caja-rural-de-zamora-todas-as-empresas-de-queijo-importantes-estao-na-nossa-provincia\\\/\",\"name\":\"Cipriano Garc\u00eda, Diretor da Caja Rural de Zamora: \\\"Todas as empresas de queijo importantes est\u00e3o na nossa prov\u00edncia\\\". - Fromago 2026 - Cheese Experience - Zamora\",\"isPartOf\":{\"@id\":\"https:\\\/\\\/fromago.info\\\/pt-pt\\\/#website\"},\"primaryImageOfPage\":{\"@id\":\"https:\\\/\\\/fromago.info\\\/pt-pt\\\/cipriano-garcia-diretor-da-caja-rural-de-zamora-todas-as-empresas-de-queijo-importantes-estao-na-nossa-provincia\\\/#primaryimage\"},\"image\":{\"@id\":\"https:\\\/\\\/fromago.info\\\/pt-pt\\\/cipriano-garcia-diretor-da-caja-rural-de-zamora-todas-as-empresas-de-queijo-importantes-estao-na-nossa-provincia\\\/#primaryimage\"},\"thumbnailUrl\":\"https:\\\/\\\/fromago.info\\\/aef\\\/wp-content\\\/uploads\\\/2024\\\/08\\\/FOTO-CIPRIANO-ENTREVISTA-FROMAGO-scaled.jpg\",\"datePublished\":\"2024-08-29T09:11:42+00:00\",\"dateModified\":\"2024-08-29T09:29:08+00:00\",\"breadcrumb\":{\"@id\":\"https:\\\/\\\/fromago.info\\\/pt-pt\\\/cipriano-garcia-diretor-da-caja-rural-de-zamora-todas-as-empresas-de-queijo-importantes-estao-na-nossa-provincia\\\/#breadcrumb\"},\"inLanguage\":\"pt-PT\",\"potentialAction\":[{\"@type\":\"ReadAction\",\"target\":[\"https:\\\/\\\/fromago.info\\\/pt-pt\\\/cipriano-garcia-diretor-da-caja-rural-de-zamora-todas-as-empresas-de-queijo-importantes-estao-na-nossa-provincia\\\/\"]}]},{\"@type\":\"ImageObject\",\"inLanguage\":\"pt-PT\",\"@id\":\"https:\\\/\\\/fromago.info\\\/pt-pt\\\/cipriano-garcia-diretor-da-caja-rural-de-zamora-todas-as-empresas-de-queijo-importantes-estao-na-nossa-provincia\\\/#primaryimage\",\"url\":\"https:\\\/\\\/fromago.info\\\/aef\\\/wp-content\\\/uploads\\\/2024\\\/08\\\/FOTO-CIPRIANO-ENTREVISTA-FROMAGO-scaled.jpg\",\"contentUrl\":\"https:\\\/\\\/fromago.info\\\/aef\\\/wp-content\\\/uploads\\\/2024\\\/08\\\/FOTO-CIPRIANO-ENTREVISTA-FROMAGO-scaled.jpg\",\"width\":2560,\"height\":1707,\"caption\":\"ZAMORA. CIPRIANO GARCIA CAJA RURAL\"},{\"@type\":\"BreadcrumbList\",\"@id\":\"https:\\\/\\\/fromago.info\\\/pt-pt\\\/cipriano-garcia-diretor-da-caja-rural-de-zamora-todas-as-empresas-de-queijo-importantes-estao-na-nossa-provincia\\\/#breadcrumb\",\"itemListElement\":[{\"@type\":\"ListItem\",\"position\":1,\"name\":\"Portada\",\"item\":\"https:\\\/\\\/fromago.info\\\/pt-pt\\\/inicio\\\/\"},{\"@type\":\"ListItem\",\"position\":2,\"name\":\"Cipriano Garc\u00eda, Diretor da Caja Rural de Zamora: \u00abTodas as empresas de queijo importantes est\u00e3o na nossa prov\u00edncia\u00bb.\"}]},{\"@type\":\"WebSite\",\"@id\":\"https:\\\/\\\/fromago.info\\\/pt-pt\\\/#website\",\"url\":\"https:\\\/\\\/fromago.info\\\/pt-pt\\\/\",\"name\":\"Fromago 2026 - Cheese Experience - Zamora\",\"description\":\"El mayor evento quesero de Espa\u00f1a\",\"publisher\":{\"@id\":\"https:\\\/\\\/fromago.info\\\/pt-pt\\\/#organization\"},\"alternateName\":\"Fromago 2026 - Cheese Experience\",\"potentialAction\":[{\"@type\":\"SearchAction\",\"target\":{\"@type\":\"EntryPoint\",\"urlTemplate\":\"https:\\\/\\\/fromago.info\\\/pt-pt\\\/?s={search_term_string}\"},\"query-input\":{\"@type\":\"PropertyValueSpecification\",\"valueRequired\":true,\"valueName\":\"search_term_string\"}}],\"inLanguage\":\"pt-PT\"},{\"@type\":\"Organization\",\"@id\":\"https:\\\/\\\/fromago.info\\\/pt-pt\\\/#organization\",\"name\":\"Fromago 2026 - Cheese Experience\",\"alternateName\":\"Fromago 2026 - Cheese Experience - Zamora\",\"url\":\"https:\\\/\\\/fromago.info\\\/pt-pt\\\/\",\"logo\":{\"@type\":\"ImageObject\",\"inLanguage\":\"pt-PT\",\"@id\":\"https:\\\/\\\/fromago.info\\\/pt-pt\\\/#\\\/schema\\\/logo\\\/image\\\/\",\"url\":\"https:\\\/\\\/fromago.info\\\/aef\\\/wp-content\\\/uploads\\\/logo-fromago-triangulo.jpg\",\"contentUrl\":\"https:\\\/\\\/fromago.info\\\/aef\\\/wp-content\\\/uploads\\\/logo-fromago-triangulo.jpg\",\"width\":1417,\"height\":1417,\"caption\":\"Fromago 2026 - Cheese Experience\"},\"image\":{\"@id\":\"https:\\\/\\\/fromago.info\\\/pt-pt\\\/#\\\/schema\\\/logo\\\/image\\\/\"},\"sameAs\":[\"https:\\\/\\\/www.facebook.com\\\/FromagoZamora\\\/\",\"https:\\\/\\\/x.com\\\/FromagoZamora\",\"https:\\\/\\\/www.instagram.com\\\/fromagozamora\\\/\",\"https:\\\/\\\/www.youtube.com\\\/@FromagoZamora\"]},{\"@type\":\"Person\",\"@id\":\"https:\\\/\\\/fromago.info\\\/pt-pt\\\/#\\\/schema\\\/person\\\/068651ce42fa2eeb7fbd0a0a1f509037\",\"name\":\"Fromago\",\"image\":{\"@type\":\"ImageObject\",\"inLanguage\":\"pt-PT\",\"@id\":\"https:\\\/\\\/secure.gravatar.com\\\/avatar\\\/96a2420f1490ecf1101095371e7278b950a339202bec11ab010fe4e5a6c73e40?s=96&d=mm&r=g\",\"url\":\"https:\\\/\\\/secure.gravatar.com\\\/avatar\\\/96a2420f1490ecf1101095371e7278b950a339202bec11ab010fe4e5a6c73e40?s=96&d=mm&r=g\",\"contentUrl\":\"https:\\\/\\\/secure.gravatar.com\\\/avatar\\\/96a2420f1490ecf1101095371e7278b950a339202bec11ab010fe4e5a6c73e40?s=96&d=mm&r=g\",\"caption\":\"Fromago\"}}]}<\/script>\n<!-- \/ Yoast SEO plugin. -->","yoast_head_json":{"title":"Cipriano Garc\u00eda, Diretor da Caja Rural de Zamora: \"Todas as empresas de queijo importantes est\u00e3o na nossa prov\u00edncia\". - Fromago 2026 - Cheese Experience - Zamora","robots":{"index":"index","follow":"follow","max-snippet":"max-snippet:-1","max-image-preview":"max-image-preview:large","max-video-preview":"max-video-preview:-1"},"canonical":"https:\/\/fromago.info\/pt-pt\/cipriano-garcia-diretor-da-caja-rural-de-zamora-todas-as-empresas-de-queijo-importantes-estao-na-nossa-provincia\/","og_locale":"pt_PT","og_type":"article","og_title":"Cipriano Garc\u00eda, Diretor da Caja Rural de Zamora: \"Todas as empresas de queijo importantes est\u00e3o na nossa prov\u00edncia\". - Fromago 2026 - Cheese Experience - Zamora","og_description":"O nome de Cipriano Garc\u00eda est\u00e1 ligado \u00e0 Caja Rural de Zamora h\u00e1 mais de 50 anos, metade dos quais como diretor da institui\u00e7\u00e3o. Garc\u00eda \u00e9 uma institui\u00e7\u00e3o em Zamora e na sua prov\u00edncia, liderando um capital humano de mais de 350 empregados que trabalham em 105 locais, n\u00e3o s\u00f3 em Zamora, mas tamb\u00e9m em [&hellip;]","og_url":"https:\/\/fromago.info\/pt-pt\/cipriano-garcia-diretor-da-caja-rural-de-zamora-todas-as-empresas-de-queijo-importantes-estao-na-nossa-provincia\/","og_site_name":"Fromago 2026 - Cheese Experience - Zamora","article_publisher":"https:\/\/www.facebook.com\/FromagoZamora\/","article_published_time":"2024-08-29T09:11:42+00:00","article_modified_time":"2024-08-29T09:29:08+00:00","og_image":[{"width":2560,"height":1707,"url":"https:\/\/fromago.info\/aef\/wp-content\/uploads\/2024\/08\/FOTO-CIPRIANO-ENTREVISTA-FROMAGO-scaled.jpg","type":"image\/jpeg"}],"author":"Fromago","twitter_card":"summary_large_image","twitter_creator":"@FromagoZamora","twitter_site":"@FromagoZamora","twitter_misc":{"Escrito por":"Fromago","Tempo estimado de leitura":"5 minutos"},"schema":{"@context":"https:\/\/schema.org","@graph":[{"@type":"Article","@id":"https:\/\/fromago.info\/pt-pt\/cipriano-garcia-diretor-da-caja-rural-de-zamora-todas-as-empresas-de-queijo-importantes-estao-na-nossa-provincia\/#article","isPartOf":{"@id":"https:\/\/fromago.info\/pt-pt\/cipriano-garcia-diretor-da-caja-rural-de-zamora-todas-as-empresas-de-queijo-importantes-estao-na-nossa-provincia\/"},"author":{"name":"Fromago","@id":"https:\/\/fromago.info\/pt-pt\/#\/schema\/person\/068651ce42fa2eeb7fbd0a0a1f509037"},"headline":"Cipriano Garc\u00eda, Diretor da Caja Rural de Zamora: &#8220;Todas as empresas de queijo importantes est\u00e3o na nossa prov\u00edncia&#8221;.","datePublished":"2024-08-29T09:11:42+00:00","dateModified":"2024-08-29T09:29:08+00:00","mainEntityOfPage":{"@id":"https:\/\/fromago.info\/pt-pt\/cipriano-garcia-diretor-da-caja-rural-de-zamora-todas-as-empresas-de-queijo-importantes-estao-na-nossa-provincia\/"},"wordCount":1089,"publisher":{"@id":"https:\/\/fromago.info\/pt-pt\/#organization"},"image":{"@id":"https:\/\/fromago.info\/pt-pt\/cipriano-garcia-diretor-da-caja-rural-de-zamora-todas-as-empresas-de-queijo-importantes-estao-na-nossa-provincia\/#primaryimage"},"thumbnailUrl":"https:\/\/fromago.info\/aef\/wp-content\/uploads\/2024\/08\/FOTO-CIPRIANO-ENTREVISTA-FROMAGO-scaled.jpg","keywords":["caixa","fromago","justo","queijo","queijo","rural","zamora"],"articleSection":["BLOG"],"inLanguage":"pt-PT"},{"@type":"WebPage","@id":"https:\/\/fromago.info\/pt-pt\/cipriano-garcia-diretor-da-caja-rural-de-zamora-todas-as-empresas-de-queijo-importantes-estao-na-nossa-provincia\/","url":"https:\/\/fromago.info\/pt-pt\/cipriano-garcia-diretor-da-caja-rural-de-zamora-todas-as-empresas-de-queijo-importantes-estao-na-nossa-provincia\/","name":"Cipriano Garc\u00eda, Diretor da Caja Rural de Zamora: \"Todas as empresas de queijo importantes est\u00e3o na nossa prov\u00edncia\". - Fromago 2026 - Cheese Experience - Zamora","isPartOf":{"@id":"https:\/\/fromago.info\/pt-pt\/#website"},"primaryImageOfPage":{"@id":"https:\/\/fromago.info\/pt-pt\/cipriano-garcia-diretor-da-caja-rural-de-zamora-todas-as-empresas-de-queijo-importantes-estao-na-nossa-provincia\/#primaryimage"},"image":{"@id":"https:\/\/fromago.info\/pt-pt\/cipriano-garcia-diretor-da-caja-rural-de-zamora-todas-as-empresas-de-queijo-importantes-estao-na-nossa-provincia\/#primaryimage"},"thumbnailUrl":"https:\/\/fromago.info\/aef\/wp-content\/uploads\/2024\/08\/FOTO-CIPRIANO-ENTREVISTA-FROMAGO-scaled.jpg","datePublished":"2024-08-29T09:11:42+00:00","dateModified":"2024-08-29T09:29:08+00:00","breadcrumb":{"@id":"https:\/\/fromago.info\/pt-pt\/cipriano-garcia-diretor-da-caja-rural-de-zamora-todas-as-empresas-de-queijo-importantes-estao-na-nossa-provincia\/#breadcrumb"},"inLanguage":"pt-PT","potentialAction":[{"@type":"ReadAction","target":["https:\/\/fromago.info\/pt-pt\/cipriano-garcia-diretor-da-caja-rural-de-zamora-todas-as-empresas-de-queijo-importantes-estao-na-nossa-provincia\/"]}]},{"@type":"ImageObject","inLanguage":"pt-PT","@id":"https:\/\/fromago.info\/pt-pt\/cipriano-garcia-diretor-da-caja-rural-de-zamora-todas-as-empresas-de-queijo-importantes-estao-na-nossa-provincia\/#primaryimage","url":"https:\/\/fromago.info\/aef\/wp-content\/uploads\/2024\/08\/FOTO-CIPRIANO-ENTREVISTA-FROMAGO-scaled.jpg","contentUrl":"https:\/\/fromago.info\/aef\/wp-content\/uploads\/2024\/08\/FOTO-CIPRIANO-ENTREVISTA-FROMAGO-scaled.jpg","width":2560,"height":1707,"caption":"ZAMORA. CIPRIANO GARCIA CAJA RURAL"},{"@type":"BreadcrumbList","@id":"https:\/\/fromago.info\/pt-pt\/cipriano-garcia-diretor-da-caja-rural-de-zamora-todas-as-empresas-de-queijo-importantes-estao-na-nossa-provincia\/#breadcrumb","itemListElement":[{"@type":"ListItem","position":1,"name":"Portada","item":"https:\/\/fromago.info\/pt-pt\/inicio\/"},{"@type":"ListItem","position":2,"name":"Cipriano Garc\u00eda, Diretor da Caja Rural de Zamora: \u00abTodas as empresas de queijo importantes est\u00e3o na nossa prov\u00edncia\u00bb."}]},{"@type":"WebSite","@id":"https:\/\/fromago.info\/pt-pt\/#website","url":"https:\/\/fromago.info\/pt-pt\/","name":"Fromago 2026 - Cheese Experience - Zamora","description":"El mayor evento quesero de Espa\u00f1a","publisher":{"@id":"https:\/\/fromago.info\/pt-pt\/#organization"},"alternateName":"Fromago 2026 - Cheese Experience","potentialAction":[{"@type":"SearchAction","target":{"@type":"EntryPoint","urlTemplate":"https:\/\/fromago.info\/pt-pt\/?s={search_term_string}"},"query-input":{"@type":"PropertyValueSpecification","valueRequired":true,"valueName":"search_term_string"}}],"inLanguage":"pt-PT"},{"@type":"Organization","@id":"https:\/\/fromago.info\/pt-pt\/#organization","name":"Fromago 2026 - Cheese Experience","alternateName":"Fromago 2026 - Cheese Experience - Zamora","url":"https:\/\/fromago.info\/pt-pt\/","logo":{"@type":"ImageObject","inLanguage":"pt-PT","@id":"https:\/\/fromago.info\/pt-pt\/#\/schema\/logo\/image\/","url":"https:\/\/fromago.info\/aef\/wp-content\/uploads\/logo-fromago-triangulo.jpg","contentUrl":"https:\/\/fromago.info\/aef\/wp-content\/uploads\/logo-fromago-triangulo.jpg","width":1417,"height":1417,"caption":"Fromago 2026 - Cheese Experience"},"image":{"@id":"https:\/\/fromago.info\/pt-pt\/#\/schema\/logo\/image\/"},"sameAs":["https:\/\/www.facebook.com\/FromagoZamora\/","https:\/\/x.com\/FromagoZamora","https:\/\/www.instagram.com\/fromagozamora\/","https:\/\/www.youtube.com\/@FromagoZamora"]},{"@type":"Person","@id":"https:\/\/fromago.info\/pt-pt\/#\/schema\/person\/068651ce42fa2eeb7fbd0a0a1f509037","name":"Fromago","image":{"@type":"ImageObject","inLanguage":"pt-PT","@id":"https:\/\/secure.gravatar.com\/avatar\/96a2420f1490ecf1101095371e7278b950a339202bec11ab010fe4e5a6c73e40?s=96&d=mm&r=g","url":"https:\/\/secure.gravatar.com\/avatar\/96a2420f1490ecf1101095371e7278b950a339202bec11ab010fe4e5a6c73e40?s=96&d=mm&r=g","contentUrl":"https:\/\/secure.gravatar.com\/avatar\/96a2420f1490ecf1101095371e7278b950a339202bec11ab010fe4e5a6c73e40?s=96&d=mm&r=g","caption":"Fromago"}}]}},"_links":{"self":[{"href":"https:\/\/fromago.info\/pt-pt\/wp-json\/wp\/v2\/posts\/6784","targetHints":{"allow":["GET"]}}],"collection":[{"href":"https:\/\/fromago.info\/pt-pt\/wp-json\/wp\/v2\/posts"}],"about":[{"href":"https:\/\/fromago.info\/pt-pt\/wp-json\/wp\/v2\/types\/post"}],"author":[{"embeddable":true,"href":"https:\/\/fromago.info\/pt-pt\/wp-json\/wp\/v2\/users\/1"}],"replies":[{"embeddable":true,"href":"https:\/\/fromago.info\/pt-pt\/wp-json\/wp\/v2\/comments?post=6784"}],"version-history":[{"count":0,"href":"https:\/\/fromago.info\/pt-pt\/wp-json\/wp\/v2\/posts\/6784\/revisions"}],"wp:featuredmedia":[{"embeddable":true,"href":"https:\/\/fromago.info\/pt-pt\/wp-json\/wp\/v2\/media\/6905"}],"wp:attachment":[{"href":"https:\/\/fromago.info\/pt-pt\/wp-json\/wp\/v2\/media?parent=6784"}],"wp:term":[{"taxonomy":"category","embeddable":true,"href":"https:\/\/fromago.info\/pt-pt\/wp-json\/wp\/v2\/categories?post=6784"},{"taxonomy":"post_tag","embeddable":true,"href":"https:\/\/fromago.info\/pt-pt\/wp-json\/wp\/v2\/tags?post=6784"}],"curies":[{"name":"wp","href":"https:\/\/api.w.org\/{rel}","templated":true}]}}