{"id":824,"date":"2022-07-12T09:39:00","date_gmt":"2022-07-12T07:39:00","guid":{"rendered":"https:\/\/fromago.info\/aef\/apresentacao-em-las-cortes-de-castilla-y-leon"},"modified":"2024-01-04T12:10:45","modified_gmt":"2024-01-04T11:10:45","slug":"apresentacao-em-las-cortes-de-castilla-y-leon","status":"publish","type":"post","link":"https:\/\/fromago.info\/pt-pt\/apresentacao-em-las-cortes-de-castilla-y-leon\/","title":{"rendered":"Apresenta\u00e7\u00e3o em Las Cortes de Castilla y L\u00e9on"},"content":{"rendered":"\n<p>O CONSELHO PROVINCIAL DE ZAMORA APRESENTA FROMAGO NO PARLAMENTO E PEDE A COLABORA\u00c7\u00c3O DOS REPRESENTANTES REGIONAIS PARA A SUA PROMO\u00c7\u00c3O&#xfe0f;<br\/><br\/>O presidente da Diputaci\u00f3n Foral de Zamora, Francisco Jos\u00e9 Requejo, durante a apresenta\u00e7\u00e3o da I Feira Internacional do Queijo &#8216;Fromago&#8217; nas Cortes de Castilla y Le\u00f3n, apelou \u00e0 &#8220;colabora\u00e7\u00e3o entre as prov\u00edncias que comp\u00f5em a comunidade para integrar como sua uma feira que, sem d\u00favida, ajudar\u00e1 a impulsionar o sector em toda a regi\u00e3o&#8221;.<br\/><br\/>&#xfe0f;&#8221;Trata-se de uma iniciativa interessante, que tamb\u00e9m ajudar\u00e1 a promover Castela e Le\u00e3o e para a qual pedimos a colabora\u00e7\u00e3o de todos os representantes institucionais que nos acompanharam hoje nesta cerim\u00f3nia de apresenta\u00e7\u00e3o&#8221;, afirmou o presidente da Diputaci\u00f3n Foral de Zamora, Francisco Jos\u00e9 Requejo.<br\/><br\/>O respons\u00e1vel provincial agradeceu ao presidente do Parlamento Regional, Carlos Poll\u00e1n, que na sua recente visita a Zamora ofereceu as instala\u00e7\u00f5es do edif\u00edcio regional para acolher a apresenta\u00e7\u00e3o de Fromago, e sublinhou &#8220;a import\u00e2ncia de manter a necess\u00e1ria colabora\u00e7\u00e3o entre institui\u00e7\u00f5es ao longo do tempo, em rela\u00e7\u00e3o a projectos que s\u00e3o bons para toda a regi\u00e3o&#8221;.<br\/><br\/>A apresenta\u00e7\u00e3o contou tamb\u00e9m com a presen\u00e7a de Isabel Blanco Llamas, Conselheira para a Fam\u00edlia e a Igualdade de Oportunidades da Junta de Castilla y Le\u00f3n. O presidente da Diputaci\u00f3n Foral, na presen\u00e7a do vice-conselheiro de Pol\u00edtica Agr\u00e1ria e Desenvolvimento Rural da Consejer\u00eda de Agricultura, Juan Pedro Medina, reconheceu o apoio da Diputaci\u00f3n Foral para a realiza\u00e7\u00e3o de uma feira que ser\u00e1 &#8220;uma magn\u00edfica montra para o sector, a partir da qual se oferecer\u00e1 uma experi\u00eancia queijeira \u00fanica, de 15 a 18 de setembro, e que acolher\u00e1 tamb\u00e9m a final dos prestigiados Pr\u00e9mios Cincho&#8221;.<br\/><br\/>Na sua interven\u00e7\u00e3o, Francisco Requejo recordou que a prov\u00edncia de Zamora tem a Denomina\u00e7\u00e3o de Origem Protegida &#8220;Queso Zamorano&#8221;, um produto de qualidade que faz parte da marca Alimentos de Zamora, e sublinhou a import\u00e2ncia do sector ovino, que representa &#8220;um importante motor de desenvolvimento econ\u00f3mico, capaz de estabilizar a popula\u00e7\u00e3o&#8221;.<\/p>\n","protected":false},"excerpt":{"rendered":"<p>O CONSELHO PROVINCIAL DE ZAMORA APRESENTA FROMAGO NO PARLAMENTO E PEDE A COLABORA\u00c7\u00c3O DOS REPRESENTANTES REGIONAIS PARA A SUA PROMO\u00c7\u00c3O&#xfe0f; O presidente da Diputaci\u00f3n Foral de Zamora, Francisco Jos\u00e9 Requejo, durante a apresenta\u00e7\u00e3o da I Feira Internacional do Queijo &#8216;Fromago&#8217; nas Cortes de Castilla y Le\u00f3n, apelou \u00e0 &#8220;colabora\u00e7\u00e3o entre as prov\u00edncias que comp\u00f5em a [&hellip;]<\/p>\n","protected":false},"author":1,"featured_media":242,"comment_status":"closed","ping_status":"closed","sticky":false,"template":"","format":"standard","meta":{"_acf_changed":false,"om_disable_all_campaigns":false,"footnotes":""},"categories":[],"tags":[],"class_list":["post-824","post","type-post","status-publish","format-standard","has-post-thumbnail","hentry"],"acf":[],"yoast_head":"<!-- This site is optimized with the Yoast SEO plugin v27.3 - https:\/\/yoast.com\/product\/yoast-seo-wordpress\/ -->\n<title>Apresenta\u00e7\u00e3o em Las Cortes de Castilla y L\u00e9on - Fromago 2026 - Cheese Experience - Zamora<\/title>\n<meta name=\"robots\" content=\"index, follow, max-snippet:-1, max-image-preview:large, max-video-preview:-1\" \/>\n<link rel=\"canonical\" href=\"https:\/\/fromago.info\/pt-pt\/apresentacao-em-las-cortes-de-castilla-y-leon\/\" \/>\n<meta property=\"og:locale\" content=\"pt_PT\" \/>\n<meta property=\"og:type\" content=\"article\" \/>\n<meta property=\"og:title\" content=\"Apresenta\u00e7\u00e3o em Las Cortes de Castilla y L\u00e9on - Fromago 2026 - Cheese Experience - Zamora\" \/>\n<meta property=\"og:description\" content=\"O CONSELHO PROVINCIAL DE ZAMORA APRESENTA FROMAGO NO PARLAMENTO E PEDE A COLABORA\u00c7\u00c3O DOS REPRESENTANTES REGIONAIS PARA A SUA PROMO\u00c7\u00c3O&#xfe0f; O presidente da Diputaci\u00f3n Foral de Zamora, Francisco Jos\u00e9 Requejo, durante a apresenta\u00e7\u00e3o da I Feira Internacional do Queijo &#8216;Fromago&#8217; nas Cortes de Castilla y Le\u00f3n, apelou \u00e0 &#8220;colabora\u00e7\u00e3o entre as prov\u00edncias que comp\u00f5em a [&hellip;]\" \/>\n<meta property=\"og:url\" content=\"https:\/\/fromago.info\/pt-pt\/apresentacao-em-las-cortes-de-castilla-y-leon\/\" \/>\n<meta property=\"og:site_name\" content=\"Fromago 2026 - Cheese Experience - Zamora\" \/>\n<meta property=\"article:publisher\" content=\"https:\/\/www.facebook.com\/FromagoZamora\/\" \/>\n<meta property=\"article:published_time\" content=\"2022-07-12T07:39:00+00:00\" \/>\n<meta property=\"article:modified_time\" content=\"2024-01-04T11:10:45+00:00\" \/>\n<meta property=\"og:image\" content=\"https:\/\/fromago.info\/aef\/wp-content\/uploads\/2023\/12\/uphNBM2m_t2.png\" \/>\n\t<meta property=\"og:image:width\" content=\"400\" \/>\n\t<meta property=\"og:image:height\" content=\"274\" \/>\n\t<meta property=\"og:image:type\" content=\"image\/png\" \/>\n<meta name=\"author\" content=\"Fromago\" \/>\n<meta name=\"twitter:card\" content=\"summary_large_image\" \/>\n<meta name=\"twitter:creator\" content=\"@FromagoZamora\" \/>\n<meta name=\"twitter:site\" content=\"@FromagoZamora\" \/>\n<meta name=\"twitter:label1\" content=\"Escrito por\" \/>\n\t<meta name=\"twitter:data1\" content=\"Fromago\" \/>\n\t<meta name=\"twitter:label2\" content=\"Tempo estimado de leitura\" \/>\n\t<meta name=\"twitter:data2\" content=\"2 minutos\" \/>\n<script type=\"application\/ld+json\" class=\"yoast-schema-graph\">{\"@context\":\"https:\\\/\\\/schema.org\",\"@graph\":[{\"@type\":\"Article\",\"@id\":\"https:\\\/\\\/fromago.info\\\/pt-pt\\\/apresentacao-em-las-cortes-de-castilla-y-leon\\\/#article\",\"isPartOf\":{\"@id\":\"https:\\\/\\\/fromago.info\\\/pt-pt\\\/apresentacao-em-las-cortes-de-castilla-y-leon\\\/\"},\"author\":{\"name\":\"Fromago\",\"@id\":\"https:\\\/\\\/fromago.info\\\/pt-pt\\\/#\\\/schema\\\/person\\\/068651ce42fa2eeb7fbd0a0a1f509037\"},\"headline\":\"Apresenta\u00e7\u00e3o em Las Cortes de Castilla y L\u00e9on\",\"datePublished\":\"2022-07-12T07:39:00+00:00\",\"dateModified\":\"2024-01-04T11:10:45+00:00\",\"mainEntityOfPage\":{\"@id\":\"https:\\\/\\\/fromago.info\\\/pt-pt\\\/apresentacao-em-las-cortes-de-castilla-y-leon\\\/\"},\"wordCount\":380,\"publisher\":{\"@id\":\"https:\\\/\\\/fromago.info\\\/pt-pt\\\/#organization\"},\"image\":{\"@id\":\"https:\\\/\\\/fromago.info\\\/pt-pt\\\/apresentacao-em-las-cortes-de-castilla-y-leon\\\/#primaryimage\"},\"thumbnailUrl\":\"https:\\\/\\\/fromago.info\\\/aef\\\/wp-content\\\/uploads\\\/2023\\\/12\\\/uphNBM2m_t2.png\",\"inLanguage\":\"pt-PT\"},{\"@type\":\"WebPage\",\"@id\":\"https:\\\/\\\/fromago.info\\\/pt-pt\\\/apresentacao-em-las-cortes-de-castilla-y-leon\\\/\",\"url\":\"https:\\\/\\\/fromago.info\\\/pt-pt\\\/apresentacao-em-las-cortes-de-castilla-y-leon\\\/\",\"name\":\"Apresenta\u00e7\u00e3o em Las Cortes de Castilla y L\u00e9on - Fromago 2026 - Cheese Experience - Zamora\",\"isPartOf\":{\"@id\":\"https:\\\/\\\/fromago.info\\\/pt-pt\\\/#website\"},\"primaryImageOfPage\":{\"@id\":\"https:\\\/\\\/fromago.info\\\/pt-pt\\\/apresentacao-em-las-cortes-de-castilla-y-leon\\\/#primaryimage\"},\"image\":{\"@id\":\"https:\\\/\\\/fromago.info\\\/pt-pt\\\/apresentacao-em-las-cortes-de-castilla-y-leon\\\/#primaryimage\"},\"thumbnailUrl\":\"https:\\\/\\\/fromago.info\\\/aef\\\/wp-content\\\/uploads\\\/2023\\\/12\\\/uphNBM2m_t2.png\",\"datePublished\":\"2022-07-12T07:39:00+00:00\",\"dateModified\":\"2024-01-04T11:10:45+00:00\",\"breadcrumb\":{\"@id\":\"https:\\\/\\\/fromago.info\\\/pt-pt\\\/apresentacao-em-las-cortes-de-castilla-y-leon\\\/#breadcrumb\"},\"inLanguage\":\"pt-PT\",\"potentialAction\":[{\"@type\":\"ReadAction\",\"target\":[\"https:\\\/\\\/fromago.info\\\/pt-pt\\\/apresentacao-em-las-cortes-de-castilla-y-leon\\\/\"]}]},{\"@type\":\"ImageObject\",\"inLanguage\":\"pt-PT\",\"@id\":\"https:\\\/\\\/fromago.info\\\/pt-pt\\\/apresentacao-em-las-cortes-de-castilla-y-leon\\\/#primaryimage\",\"url\":\"https:\\\/\\\/fromago.info\\\/aef\\\/wp-content\\\/uploads\\\/2023\\\/12\\\/uphNBM2m_t2.png\",\"contentUrl\":\"https:\\\/\\\/fromago.info\\\/aef\\\/wp-content\\\/uploads\\\/2023\\\/12\\\/uphNBM2m_t2.png\",\"width\":400,\"height\":274},{\"@type\":\"BreadcrumbList\",\"@id\":\"https:\\\/\\\/fromago.info\\\/pt-pt\\\/apresentacao-em-las-cortes-de-castilla-y-leon\\\/#breadcrumb\",\"itemListElement\":[{\"@type\":\"ListItem\",\"position\":1,\"name\":\"Portada\",\"item\":\"https:\\\/\\\/fromago.info\\\/pt-pt\\\/inicio\\\/\"},{\"@type\":\"ListItem\",\"position\":2,\"name\":\"Apresenta\u00e7\u00e3o em Las Cortes de Castilla y L\u00e9on\"}]},{\"@type\":\"WebSite\",\"@id\":\"https:\\\/\\\/fromago.info\\\/pt-pt\\\/#website\",\"url\":\"https:\\\/\\\/fromago.info\\\/pt-pt\\\/\",\"name\":\"Fromago 2026 - Cheese Experience - Zamora\",\"description\":\"El mayor evento quesero de Espa\u00f1a\",\"publisher\":{\"@id\":\"https:\\\/\\\/fromago.info\\\/pt-pt\\\/#organization\"},\"alternateName\":\"Fromago 2026 - Cheese Experience\",\"potentialAction\":[{\"@type\":\"SearchAction\",\"target\":{\"@type\":\"EntryPoint\",\"urlTemplate\":\"https:\\\/\\\/fromago.info\\\/pt-pt\\\/?s={search_term_string}\"},\"query-input\":{\"@type\":\"PropertyValueSpecification\",\"valueRequired\":true,\"valueName\":\"search_term_string\"}}],\"inLanguage\":\"pt-PT\"},{\"@type\":\"Organization\",\"@id\":\"https:\\\/\\\/fromago.info\\\/pt-pt\\\/#organization\",\"name\":\"Fromago 2026 - Cheese Experience\",\"alternateName\":\"Fromago 2026 - Cheese Experience - Zamora\",\"url\":\"https:\\\/\\\/fromago.info\\\/pt-pt\\\/\",\"logo\":{\"@type\":\"ImageObject\",\"inLanguage\":\"pt-PT\",\"@id\":\"https:\\\/\\\/fromago.info\\\/pt-pt\\\/#\\\/schema\\\/logo\\\/image\\\/\",\"url\":\"https:\\\/\\\/fromago.info\\\/aef\\\/wp-content\\\/uploads\\\/logo-fromago-triangulo.jpg\",\"contentUrl\":\"https:\\\/\\\/fromago.info\\\/aef\\\/wp-content\\\/uploads\\\/logo-fromago-triangulo.jpg\",\"width\":1417,\"height\":1417,\"caption\":\"Fromago 2026 - Cheese Experience\"},\"image\":{\"@id\":\"https:\\\/\\\/fromago.info\\\/pt-pt\\\/#\\\/schema\\\/logo\\\/image\\\/\"},\"sameAs\":[\"https:\\\/\\\/www.facebook.com\\\/FromagoZamora\\\/\",\"https:\\\/\\\/x.com\\\/FromagoZamora\",\"https:\\\/\\\/www.instagram.com\\\/fromagozamora\\\/\",\"https:\\\/\\\/www.youtube.com\\\/@FromagoZamora\"]},{\"@type\":\"Person\",\"@id\":\"https:\\\/\\\/fromago.info\\\/pt-pt\\\/#\\\/schema\\\/person\\\/068651ce42fa2eeb7fbd0a0a1f509037\",\"name\":\"Fromago\",\"image\":{\"@type\":\"ImageObject\",\"inLanguage\":\"pt-PT\",\"@id\":\"https:\\\/\\\/secure.gravatar.com\\\/avatar\\\/96a2420f1490ecf1101095371e7278b950a339202bec11ab010fe4e5a6c73e40?s=96&d=mm&r=g\",\"url\":\"https:\\\/\\\/secure.gravatar.com\\\/avatar\\\/96a2420f1490ecf1101095371e7278b950a339202bec11ab010fe4e5a6c73e40?s=96&d=mm&r=g\",\"contentUrl\":\"https:\\\/\\\/secure.gravatar.com\\\/avatar\\\/96a2420f1490ecf1101095371e7278b950a339202bec11ab010fe4e5a6c73e40?s=96&d=mm&r=g\",\"caption\":\"Fromago\"}}]}<\/script>\n<!-- \/ Yoast SEO plugin. -->","yoast_head_json":{"title":"Apresenta\u00e7\u00e3o em Las Cortes de Castilla y L\u00e9on - Fromago 2026 - Cheese Experience - Zamora","robots":{"index":"index","follow":"follow","max-snippet":"max-snippet:-1","max-image-preview":"max-image-preview:large","max-video-preview":"max-video-preview:-1"},"canonical":"https:\/\/fromago.info\/pt-pt\/apresentacao-em-las-cortes-de-castilla-y-leon\/","og_locale":"pt_PT","og_type":"article","og_title":"Apresenta\u00e7\u00e3o em Las Cortes de Castilla y L\u00e9on - Fromago 2026 - Cheese Experience - Zamora","og_description":"O CONSELHO PROVINCIAL DE ZAMORA APRESENTA FROMAGO NO PARLAMENTO E PEDE A COLABORA\u00c7\u00c3O DOS REPRESENTANTES REGIONAIS PARA A SUA PROMO\u00c7\u00c3O&#xfe0f; O presidente da Diputaci\u00f3n Foral de Zamora, Francisco Jos\u00e9 Requejo, durante a apresenta\u00e7\u00e3o da I Feira Internacional do Queijo &#8216;Fromago&#8217; nas Cortes de Castilla y Le\u00f3n, apelou \u00e0 &#8220;colabora\u00e7\u00e3o entre as prov\u00edncias que comp\u00f5em a [&hellip;]","og_url":"https:\/\/fromago.info\/pt-pt\/apresentacao-em-las-cortes-de-castilla-y-leon\/","og_site_name":"Fromago 2026 - Cheese Experience - Zamora","article_publisher":"https:\/\/www.facebook.com\/FromagoZamora\/","article_published_time":"2022-07-12T07:39:00+00:00","article_modified_time":"2024-01-04T11:10:45+00:00","og_image":[{"width":400,"height":274,"url":"https:\/\/fromago.info\/aef\/wp-content\/uploads\/2023\/12\/uphNBM2m_t2.png","type":"image\/png"}],"author":"Fromago","twitter_card":"summary_large_image","twitter_creator":"@FromagoZamora","twitter_site":"@FromagoZamora","twitter_misc":{"Escrito por":"Fromago","Tempo estimado de leitura":"2 minutos"},"schema":{"@context":"https:\/\/schema.org","@graph":[{"@type":"Article","@id":"https:\/\/fromago.info\/pt-pt\/apresentacao-em-las-cortes-de-castilla-y-leon\/#article","isPartOf":{"@id":"https:\/\/fromago.info\/pt-pt\/apresentacao-em-las-cortes-de-castilla-y-leon\/"},"author":{"name":"Fromago","@id":"https:\/\/fromago.info\/pt-pt\/#\/schema\/person\/068651ce42fa2eeb7fbd0a0a1f509037"},"headline":"Apresenta\u00e7\u00e3o em Las Cortes de Castilla y L\u00e9on","datePublished":"2022-07-12T07:39:00+00:00","dateModified":"2024-01-04T11:10:45+00:00","mainEntityOfPage":{"@id":"https:\/\/fromago.info\/pt-pt\/apresentacao-em-las-cortes-de-castilla-y-leon\/"},"wordCount":380,"publisher":{"@id":"https:\/\/fromago.info\/pt-pt\/#organization"},"image":{"@id":"https:\/\/fromago.info\/pt-pt\/apresentacao-em-las-cortes-de-castilla-y-leon\/#primaryimage"},"thumbnailUrl":"https:\/\/fromago.info\/aef\/wp-content\/uploads\/2023\/12\/uphNBM2m_t2.png","inLanguage":"pt-PT"},{"@type":"WebPage","@id":"https:\/\/fromago.info\/pt-pt\/apresentacao-em-las-cortes-de-castilla-y-leon\/","url":"https:\/\/fromago.info\/pt-pt\/apresentacao-em-las-cortes-de-castilla-y-leon\/","name":"Apresenta\u00e7\u00e3o em Las Cortes de Castilla y L\u00e9on - Fromago 2026 - Cheese Experience - Zamora","isPartOf":{"@id":"https:\/\/fromago.info\/pt-pt\/#website"},"primaryImageOfPage":{"@id":"https:\/\/fromago.info\/pt-pt\/apresentacao-em-las-cortes-de-castilla-y-leon\/#primaryimage"},"image":{"@id":"https:\/\/fromago.info\/pt-pt\/apresentacao-em-las-cortes-de-castilla-y-leon\/#primaryimage"},"thumbnailUrl":"https:\/\/fromago.info\/aef\/wp-content\/uploads\/2023\/12\/uphNBM2m_t2.png","datePublished":"2022-07-12T07:39:00+00:00","dateModified":"2024-01-04T11:10:45+00:00","breadcrumb":{"@id":"https:\/\/fromago.info\/pt-pt\/apresentacao-em-las-cortes-de-castilla-y-leon\/#breadcrumb"},"inLanguage":"pt-PT","potentialAction":[{"@type":"ReadAction","target":["https:\/\/fromago.info\/pt-pt\/apresentacao-em-las-cortes-de-castilla-y-leon\/"]}]},{"@type":"ImageObject","inLanguage":"pt-PT","@id":"https:\/\/fromago.info\/pt-pt\/apresentacao-em-las-cortes-de-castilla-y-leon\/#primaryimage","url":"https:\/\/fromago.info\/aef\/wp-content\/uploads\/2023\/12\/uphNBM2m_t2.png","contentUrl":"https:\/\/fromago.info\/aef\/wp-content\/uploads\/2023\/12\/uphNBM2m_t2.png","width":400,"height":274},{"@type":"BreadcrumbList","@id":"https:\/\/fromago.info\/pt-pt\/apresentacao-em-las-cortes-de-castilla-y-leon\/#breadcrumb","itemListElement":[{"@type":"ListItem","position":1,"name":"Portada","item":"https:\/\/fromago.info\/pt-pt\/inicio\/"},{"@type":"ListItem","position":2,"name":"Apresenta\u00e7\u00e3o em Las Cortes de Castilla y L\u00e9on"}]},{"@type":"WebSite","@id":"https:\/\/fromago.info\/pt-pt\/#website","url":"https:\/\/fromago.info\/pt-pt\/","name":"Fromago 2026 - Cheese Experience - Zamora","description":"El mayor evento quesero de Espa\u00f1a","publisher":{"@id":"https:\/\/fromago.info\/pt-pt\/#organization"},"alternateName":"Fromago 2026 - Cheese Experience","potentialAction":[{"@type":"SearchAction","target":{"@type":"EntryPoint","urlTemplate":"https:\/\/fromago.info\/pt-pt\/?s={search_term_string}"},"query-input":{"@type":"PropertyValueSpecification","valueRequired":true,"valueName":"search_term_string"}}],"inLanguage":"pt-PT"},{"@type":"Organization","@id":"https:\/\/fromago.info\/pt-pt\/#organization","name":"Fromago 2026 - Cheese Experience","alternateName":"Fromago 2026 - Cheese Experience - Zamora","url":"https:\/\/fromago.info\/pt-pt\/","logo":{"@type":"ImageObject","inLanguage":"pt-PT","@id":"https:\/\/fromago.info\/pt-pt\/#\/schema\/logo\/image\/","url":"https:\/\/fromago.info\/aef\/wp-content\/uploads\/logo-fromago-triangulo.jpg","contentUrl":"https:\/\/fromago.info\/aef\/wp-content\/uploads\/logo-fromago-triangulo.jpg","width":1417,"height":1417,"caption":"Fromago 2026 - Cheese Experience"},"image":{"@id":"https:\/\/fromago.info\/pt-pt\/#\/schema\/logo\/image\/"},"sameAs":["https:\/\/www.facebook.com\/FromagoZamora\/","https:\/\/x.com\/FromagoZamora","https:\/\/www.instagram.com\/fromagozamora\/","https:\/\/www.youtube.com\/@FromagoZamora"]},{"@type":"Person","@id":"https:\/\/fromago.info\/pt-pt\/#\/schema\/person\/068651ce42fa2eeb7fbd0a0a1f509037","name":"Fromago","image":{"@type":"ImageObject","inLanguage":"pt-PT","@id":"https:\/\/secure.gravatar.com\/avatar\/96a2420f1490ecf1101095371e7278b950a339202bec11ab010fe4e5a6c73e40?s=96&d=mm&r=g","url":"https:\/\/secure.gravatar.com\/avatar\/96a2420f1490ecf1101095371e7278b950a339202bec11ab010fe4e5a6c73e40?s=96&d=mm&r=g","contentUrl":"https:\/\/secure.gravatar.com\/avatar\/96a2420f1490ecf1101095371e7278b950a339202bec11ab010fe4e5a6c73e40?s=96&d=mm&r=g","caption":"Fromago"}}]}},"_links":{"self":[{"href":"https:\/\/fromago.info\/pt-pt\/wp-json\/wp\/v2\/posts\/824","targetHints":{"allow":["GET"]}}],"collection":[{"href":"https:\/\/fromago.info\/pt-pt\/wp-json\/wp\/v2\/posts"}],"about":[{"href":"https:\/\/fromago.info\/pt-pt\/wp-json\/wp\/v2\/types\/post"}],"author":[{"embeddable":true,"href":"https:\/\/fromago.info\/pt-pt\/wp-json\/wp\/v2\/users\/1"}],"replies":[{"embeddable":true,"href":"https:\/\/fromago.info\/pt-pt\/wp-json\/wp\/v2\/comments?post=824"}],"version-history":[{"count":0,"href":"https:\/\/fromago.info\/pt-pt\/wp-json\/wp\/v2\/posts\/824\/revisions"}],"wp:featuredmedia":[{"embeddable":true,"href":"https:\/\/fromago.info\/pt-pt\/wp-json\/wp\/v2\/media\/242"}],"wp:attachment":[{"href":"https:\/\/fromago.info\/pt-pt\/wp-json\/wp\/v2\/media?parent=824"}],"wp:term":[{"taxonomy":"category","embeddable":true,"href":"https:\/\/fromago.info\/pt-pt\/wp-json\/wp\/v2\/categories?post=824"},{"taxonomy":"post_tag","embeddable":true,"href":"https:\/\/fromago.info\/pt-pt\/wp-json\/wp\/v2\/tags?post=824"}],"curies":[{"name":"wp","href":"https:\/\/api.w.org\/{rel}","templated":true}]}}