{"id":850,"date":"2022-06-17T09:45:00","date_gmt":"2022-06-17T07:45:00","guid":{"rendered":"https:\/\/fromago.info\/aef\/apresentacao-de-ovejas-fromago-em-salamanca"},"modified":"2024-01-04T12:10:09","modified_gmt":"2024-01-04T11:10:09","slug":"apresentacao-de-ovejas-fromago-em-salamanca","status":"publish","type":"post","link":"https:\/\/fromago.info\/pt-pt\/apresentacao-de-ovejas-fromago-em-salamanca\/","title":{"rendered":"Apresenta\u00e7\u00e3o de Ovejas Fromago em Salamanca"},"content":{"rendered":"\n<p>&#8220;Ovejas Fromago&#8221;, a exposi\u00e7\u00e3o de ovelhas decoradas por artistas zamoranos chega a Salamanca<br\/><br\/>Durante todo o fim de semana, quem passear no centro de Salamanca, na Plaza de Los Bandos, ser\u00e1 surpreendido por uma exposi\u00e7\u00e3o de numerosas ovelhas decoradas de diversas formas para promover a Feira Internacional do Queijo Fromago, promovida pela Diputaci\u00f3n Foral de Zamora, que se realizar\u00e1 em setembro em Zamora.<br\/><br\/>Trata-se de um novo passo na promo\u00e7\u00e3o deste evento internacional que pretende acolher mais de 300 expositores, representando cerca de 250 empresas queijeiras nacionais e internacionais, de 15 a 18 de setembro, na cidade de Zamora.<br\/><br\/>A vistosa exposi\u00e7\u00e3o, composta por um total de 33 modelos de ovelhas decoradas, permanecer\u00e1 a promover a Feira de Fromago durante todo o fim de semana na cidade de Salamanca, passando depois para as ruas de Zamora nos pr\u00f3ximos dias, antes de continuar o seu p\u00e9riplo por Madrid e pela cidade portuguesa de Bragan\u00e7a.<br\/><br\/>Foi o deputado da Agricultura, \u00c1ngel S\u00e1nchez, que apresentou a exposi\u00e7\u00e3o, depois de ter dispensado o presidente da Diputaci\u00f3n Foral de Zamora, Francisco Requejo, que se tinha deslocado \u00e0 zona do grave inc\u00eandio que est\u00e1 a queimar centenas de hectares na Sierra de la Culebra.<br\/><br\/>&#8220;Somos vizinhos e temos muitos la\u00e7os comuns. Estamos a apenas 50 minutos de dist\u00e2ncia por estrada e esta localiza\u00e7\u00e3o significa que temos tradicionalmente um contacto cont\u00ednuo entre as nossas prov\u00edncias. Aproveitemos as nossas localiza\u00e7\u00f5es respectivas e unamos sinergias&#8221;, sugeriu \u00c1ngel S\u00e1nchez, no seu discurso.<br\/><br\/>Estiveram tamb\u00e9m presentes na cerim\u00f3nia, entre outros, a primeira vice-presidente da C\u00e2mara Municipal de Salamanca, Ana Su\u00e1rez Otero, o presidente da Diputaci\u00f3n Foral de Salamanca, Javier Iglesias, o deputado para o Desenvolvimento Econ\u00f3mico, Emilio Fern\u00e1ndez, o vereador da C\u00e2mara Municipal de Zamora, Christoph Strieder, a deputada provincial Atilana Mart\u00ednez e outros representantes do sector do queijo de Zamora.<\/p>\n","protected":false},"excerpt":{"rendered":"<p>&#8220;Ovejas Fromago&#8221;, a exposi\u00e7\u00e3o de ovelhas decoradas por artistas zamoranos chega a Salamanca Durante todo o fim de semana, quem passear no centro de Salamanca, na Plaza de Los Bandos, ser\u00e1 surpreendido por uma exposi\u00e7\u00e3o de numerosas ovelhas decoradas de diversas formas para promover a Feira Internacional do Queijo Fromago, promovida pela Diputaci\u00f3n Foral de [&hellip;]<\/p>\n","protected":false},"author":1,"featured_media":282,"comment_status":"closed","ping_status":"closed","sticky":false,"template":"","format":"standard","meta":{"_acf_changed":false,"om_disable_all_campaigns":false,"footnotes":""},"categories":[],"tags":[],"class_list":["post-850","post","type-post","status-publish","format-standard","has-post-thumbnail","hentry"],"acf":[],"yoast_head":"<!-- This site is optimized with the Yoast SEO plugin v27.3 - https:\/\/yoast.com\/product\/yoast-seo-wordpress\/ -->\n<title>Apresenta\u00e7\u00e3o de Ovejas Fromago em Salamanca - Fromago 2026 - Cheese Experience - Zamora<\/title>\n<meta name=\"robots\" content=\"index, follow, max-snippet:-1, max-image-preview:large, max-video-preview:-1\" \/>\n<link rel=\"canonical\" href=\"https:\/\/fromago.info\/pt-pt\/apresentacao-de-ovejas-fromago-em-salamanca\/\" \/>\n<meta property=\"og:locale\" content=\"pt_PT\" \/>\n<meta property=\"og:type\" content=\"article\" \/>\n<meta property=\"og:title\" content=\"Apresenta\u00e7\u00e3o de Ovejas Fromago em Salamanca - Fromago 2026 - Cheese Experience - Zamora\" \/>\n<meta property=\"og:description\" content=\"&#8220;Ovejas Fromago&#8221;, a exposi\u00e7\u00e3o de ovelhas decoradas por artistas zamoranos chega a Salamanca Durante todo o fim de semana, quem passear no centro de Salamanca, na Plaza de Los Bandos, ser\u00e1 surpreendido por uma exposi\u00e7\u00e3o de numerosas ovelhas decoradas de diversas formas para promover a Feira Internacional do Queijo Fromago, promovida pela Diputaci\u00f3n Foral de [&hellip;]\" \/>\n<meta property=\"og:url\" content=\"https:\/\/fromago.info\/pt-pt\/apresentacao-de-ovejas-fromago-em-salamanca\/\" \/>\n<meta property=\"og:site_name\" content=\"Fromago 2026 - Cheese Experience - Zamora\" \/>\n<meta property=\"article:publisher\" content=\"https:\/\/www.facebook.com\/FromagoZamora\/\" \/>\n<meta property=\"article:published_time\" content=\"2022-06-17T07:45:00+00:00\" \/>\n<meta property=\"article:modified_time\" content=\"2024-01-04T11:10:09+00:00\" \/>\n<meta property=\"og:image\" content=\"https:\/\/fromago.info\/aef\/wp-content\/uploads\/2023\/12\/Xb6reCov_t2.png\" \/>\n\t<meta property=\"og:image:width\" content=\"400\" \/>\n\t<meta property=\"og:image:height\" content=\"289\" \/>\n\t<meta property=\"og:image:type\" content=\"image\/png\" \/>\n<meta name=\"author\" content=\"Fromago\" \/>\n<meta name=\"twitter:card\" content=\"summary_large_image\" \/>\n<meta name=\"twitter:creator\" content=\"@FromagoZamora\" \/>\n<meta name=\"twitter:site\" content=\"@FromagoZamora\" \/>\n<meta name=\"twitter:label1\" content=\"Escrito por\" \/>\n\t<meta name=\"twitter:data1\" content=\"Fromago\" \/>\n\t<meta name=\"twitter:label2\" content=\"Tempo estimado de leitura\" \/>\n\t<meta name=\"twitter:data2\" content=\"2 minutos\" \/>\n<script type=\"application\/ld+json\" class=\"yoast-schema-graph\">{\"@context\":\"https:\\\/\\\/schema.org\",\"@graph\":[{\"@type\":\"Article\",\"@id\":\"https:\\\/\\\/fromago.info\\\/pt-pt\\\/apresentacao-de-ovejas-fromago-em-salamanca\\\/#article\",\"isPartOf\":{\"@id\":\"https:\\\/\\\/fromago.info\\\/pt-pt\\\/apresentacao-de-ovejas-fromago-em-salamanca\\\/\"},\"author\":{\"name\":\"Fromago\",\"@id\":\"https:\\\/\\\/fromago.info\\\/pt-pt\\\/#\\\/schema\\\/person\\\/068651ce42fa2eeb7fbd0a0a1f509037\"},\"headline\":\"Apresenta\u00e7\u00e3o de Ovejas Fromago em Salamanca\",\"datePublished\":\"2022-06-17T07:45:00+00:00\",\"dateModified\":\"2024-01-04T11:10:09+00:00\",\"mainEntityOfPage\":{\"@id\":\"https:\\\/\\\/fromago.info\\\/pt-pt\\\/apresentacao-de-ovejas-fromago-em-salamanca\\\/\"},\"wordCount\":328,\"publisher\":{\"@id\":\"https:\\\/\\\/fromago.info\\\/pt-pt\\\/#organization\"},\"image\":{\"@id\":\"https:\\\/\\\/fromago.info\\\/pt-pt\\\/apresentacao-de-ovejas-fromago-em-salamanca\\\/#primaryimage\"},\"thumbnailUrl\":\"https:\\\/\\\/fromago.info\\\/aef\\\/wp-content\\\/uploads\\\/2023\\\/12\\\/Xb6reCov_t2.png\",\"inLanguage\":\"pt-PT\"},{\"@type\":\"WebPage\",\"@id\":\"https:\\\/\\\/fromago.info\\\/pt-pt\\\/apresentacao-de-ovejas-fromago-em-salamanca\\\/\",\"url\":\"https:\\\/\\\/fromago.info\\\/pt-pt\\\/apresentacao-de-ovejas-fromago-em-salamanca\\\/\",\"name\":\"Apresenta\u00e7\u00e3o de Ovejas Fromago em Salamanca - Fromago 2026 - Cheese Experience - Zamora\",\"isPartOf\":{\"@id\":\"https:\\\/\\\/fromago.info\\\/pt-pt\\\/#website\"},\"primaryImageOfPage\":{\"@id\":\"https:\\\/\\\/fromago.info\\\/pt-pt\\\/apresentacao-de-ovejas-fromago-em-salamanca\\\/#primaryimage\"},\"image\":{\"@id\":\"https:\\\/\\\/fromago.info\\\/pt-pt\\\/apresentacao-de-ovejas-fromago-em-salamanca\\\/#primaryimage\"},\"thumbnailUrl\":\"https:\\\/\\\/fromago.info\\\/aef\\\/wp-content\\\/uploads\\\/2023\\\/12\\\/Xb6reCov_t2.png\",\"datePublished\":\"2022-06-17T07:45:00+00:00\",\"dateModified\":\"2024-01-04T11:10:09+00:00\",\"breadcrumb\":{\"@id\":\"https:\\\/\\\/fromago.info\\\/pt-pt\\\/apresentacao-de-ovejas-fromago-em-salamanca\\\/#breadcrumb\"},\"inLanguage\":\"pt-PT\",\"potentialAction\":[{\"@type\":\"ReadAction\",\"target\":[\"https:\\\/\\\/fromago.info\\\/pt-pt\\\/apresentacao-de-ovejas-fromago-em-salamanca\\\/\"]}]},{\"@type\":\"ImageObject\",\"inLanguage\":\"pt-PT\",\"@id\":\"https:\\\/\\\/fromago.info\\\/pt-pt\\\/apresentacao-de-ovejas-fromago-em-salamanca\\\/#primaryimage\",\"url\":\"https:\\\/\\\/fromago.info\\\/aef\\\/wp-content\\\/uploads\\\/2023\\\/12\\\/Xb6reCov_t2.png\",\"contentUrl\":\"https:\\\/\\\/fromago.info\\\/aef\\\/wp-content\\\/uploads\\\/2023\\\/12\\\/Xb6reCov_t2.png\",\"width\":400,\"height\":289},{\"@type\":\"BreadcrumbList\",\"@id\":\"https:\\\/\\\/fromago.info\\\/pt-pt\\\/apresentacao-de-ovejas-fromago-em-salamanca\\\/#breadcrumb\",\"itemListElement\":[{\"@type\":\"ListItem\",\"position\":1,\"name\":\"Portada\",\"item\":\"https:\\\/\\\/fromago.info\\\/pt-pt\\\/inicio\\\/\"},{\"@type\":\"ListItem\",\"position\":2,\"name\":\"Apresenta\u00e7\u00e3o de Ovejas Fromago em Salamanca\"}]},{\"@type\":\"WebSite\",\"@id\":\"https:\\\/\\\/fromago.info\\\/pt-pt\\\/#website\",\"url\":\"https:\\\/\\\/fromago.info\\\/pt-pt\\\/\",\"name\":\"Fromago 2026 - Cheese Experience - Zamora\",\"description\":\"El mayor evento quesero de Espa\u00f1a\",\"publisher\":{\"@id\":\"https:\\\/\\\/fromago.info\\\/pt-pt\\\/#organization\"},\"alternateName\":\"Fromago 2026 - Cheese Experience\",\"potentialAction\":[{\"@type\":\"SearchAction\",\"target\":{\"@type\":\"EntryPoint\",\"urlTemplate\":\"https:\\\/\\\/fromago.info\\\/pt-pt\\\/?s={search_term_string}\"},\"query-input\":{\"@type\":\"PropertyValueSpecification\",\"valueRequired\":true,\"valueName\":\"search_term_string\"}}],\"inLanguage\":\"pt-PT\"},{\"@type\":\"Organization\",\"@id\":\"https:\\\/\\\/fromago.info\\\/pt-pt\\\/#organization\",\"name\":\"Fromago 2026 - Cheese Experience\",\"alternateName\":\"Fromago 2026 - Cheese Experience - Zamora\",\"url\":\"https:\\\/\\\/fromago.info\\\/pt-pt\\\/\",\"logo\":{\"@type\":\"ImageObject\",\"inLanguage\":\"pt-PT\",\"@id\":\"https:\\\/\\\/fromago.info\\\/pt-pt\\\/#\\\/schema\\\/logo\\\/image\\\/\",\"url\":\"https:\\\/\\\/fromago.info\\\/aef\\\/wp-content\\\/uploads\\\/logo-fromago-triangulo.jpg\",\"contentUrl\":\"https:\\\/\\\/fromago.info\\\/aef\\\/wp-content\\\/uploads\\\/logo-fromago-triangulo.jpg\",\"width\":1417,\"height\":1417,\"caption\":\"Fromago 2026 - Cheese Experience\"},\"image\":{\"@id\":\"https:\\\/\\\/fromago.info\\\/pt-pt\\\/#\\\/schema\\\/logo\\\/image\\\/\"},\"sameAs\":[\"https:\\\/\\\/www.facebook.com\\\/FromagoZamora\\\/\",\"https:\\\/\\\/x.com\\\/FromagoZamora\",\"https:\\\/\\\/www.instagram.com\\\/fromagozamora\\\/\",\"https:\\\/\\\/www.youtube.com\\\/@FromagoZamora\"]},{\"@type\":\"Person\",\"@id\":\"https:\\\/\\\/fromago.info\\\/pt-pt\\\/#\\\/schema\\\/person\\\/068651ce42fa2eeb7fbd0a0a1f509037\",\"name\":\"Fromago\",\"image\":{\"@type\":\"ImageObject\",\"inLanguage\":\"pt-PT\",\"@id\":\"https:\\\/\\\/secure.gravatar.com\\\/avatar\\\/96a2420f1490ecf1101095371e7278b950a339202bec11ab010fe4e5a6c73e40?s=96&d=mm&r=g\",\"url\":\"https:\\\/\\\/secure.gravatar.com\\\/avatar\\\/96a2420f1490ecf1101095371e7278b950a339202bec11ab010fe4e5a6c73e40?s=96&d=mm&r=g\",\"contentUrl\":\"https:\\\/\\\/secure.gravatar.com\\\/avatar\\\/96a2420f1490ecf1101095371e7278b950a339202bec11ab010fe4e5a6c73e40?s=96&d=mm&r=g\",\"caption\":\"Fromago\"}}]}<\/script>\n<!-- \/ Yoast SEO plugin. -->","yoast_head_json":{"title":"Apresenta\u00e7\u00e3o de Ovejas Fromago em Salamanca - Fromago 2026 - Cheese Experience - Zamora","robots":{"index":"index","follow":"follow","max-snippet":"max-snippet:-1","max-image-preview":"max-image-preview:large","max-video-preview":"max-video-preview:-1"},"canonical":"https:\/\/fromago.info\/pt-pt\/apresentacao-de-ovejas-fromago-em-salamanca\/","og_locale":"pt_PT","og_type":"article","og_title":"Apresenta\u00e7\u00e3o de Ovejas Fromago em Salamanca - Fromago 2026 - Cheese Experience - Zamora","og_description":"&#8220;Ovejas Fromago&#8221;, a exposi\u00e7\u00e3o de ovelhas decoradas por artistas zamoranos chega a Salamanca Durante todo o fim de semana, quem passear no centro de Salamanca, na Plaza de Los Bandos, ser\u00e1 surpreendido por uma exposi\u00e7\u00e3o de numerosas ovelhas decoradas de diversas formas para promover a Feira Internacional do Queijo Fromago, promovida pela Diputaci\u00f3n Foral de [&hellip;]","og_url":"https:\/\/fromago.info\/pt-pt\/apresentacao-de-ovejas-fromago-em-salamanca\/","og_site_name":"Fromago 2026 - Cheese Experience - Zamora","article_publisher":"https:\/\/www.facebook.com\/FromagoZamora\/","article_published_time":"2022-06-17T07:45:00+00:00","article_modified_time":"2024-01-04T11:10:09+00:00","og_image":[{"width":400,"height":289,"url":"https:\/\/fromago.info\/aef\/wp-content\/uploads\/2023\/12\/Xb6reCov_t2.png","type":"image\/png"}],"author":"Fromago","twitter_card":"summary_large_image","twitter_creator":"@FromagoZamora","twitter_site":"@FromagoZamora","twitter_misc":{"Escrito por":"Fromago","Tempo estimado de leitura":"2 minutos"},"schema":{"@context":"https:\/\/schema.org","@graph":[{"@type":"Article","@id":"https:\/\/fromago.info\/pt-pt\/apresentacao-de-ovejas-fromago-em-salamanca\/#article","isPartOf":{"@id":"https:\/\/fromago.info\/pt-pt\/apresentacao-de-ovejas-fromago-em-salamanca\/"},"author":{"name":"Fromago","@id":"https:\/\/fromago.info\/pt-pt\/#\/schema\/person\/068651ce42fa2eeb7fbd0a0a1f509037"},"headline":"Apresenta\u00e7\u00e3o de Ovejas Fromago em Salamanca","datePublished":"2022-06-17T07:45:00+00:00","dateModified":"2024-01-04T11:10:09+00:00","mainEntityOfPage":{"@id":"https:\/\/fromago.info\/pt-pt\/apresentacao-de-ovejas-fromago-em-salamanca\/"},"wordCount":328,"publisher":{"@id":"https:\/\/fromago.info\/pt-pt\/#organization"},"image":{"@id":"https:\/\/fromago.info\/pt-pt\/apresentacao-de-ovejas-fromago-em-salamanca\/#primaryimage"},"thumbnailUrl":"https:\/\/fromago.info\/aef\/wp-content\/uploads\/2023\/12\/Xb6reCov_t2.png","inLanguage":"pt-PT"},{"@type":"WebPage","@id":"https:\/\/fromago.info\/pt-pt\/apresentacao-de-ovejas-fromago-em-salamanca\/","url":"https:\/\/fromago.info\/pt-pt\/apresentacao-de-ovejas-fromago-em-salamanca\/","name":"Apresenta\u00e7\u00e3o de Ovejas Fromago em Salamanca - Fromago 2026 - Cheese Experience - Zamora","isPartOf":{"@id":"https:\/\/fromago.info\/pt-pt\/#website"},"primaryImageOfPage":{"@id":"https:\/\/fromago.info\/pt-pt\/apresentacao-de-ovejas-fromago-em-salamanca\/#primaryimage"},"image":{"@id":"https:\/\/fromago.info\/pt-pt\/apresentacao-de-ovejas-fromago-em-salamanca\/#primaryimage"},"thumbnailUrl":"https:\/\/fromago.info\/aef\/wp-content\/uploads\/2023\/12\/Xb6reCov_t2.png","datePublished":"2022-06-17T07:45:00+00:00","dateModified":"2024-01-04T11:10:09+00:00","breadcrumb":{"@id":"https:\/\/fromago.info\/pt-pt\/apresentacao-de-ovejas-fromago-em-salamanca\/#breadcrumb"},"inLanguage":"pt-PT","potentialAction":[{"@type":"ReadAction","target":["https:\/\/fromago.info\/pt-pt\/apresentacao-de-ovejas-fromago-em-salamanca\/"]}]},{"@type":"ImageObject","inLanguage":"pt-PT","@id":"https:\/\/fromago.info\/pt-pt\/apresentacao-de-ovejas-fromago-em-salamanca\/#primaryimage","url":"https:\/\/fromago.info\/aef\/wp-content\/uploads\/2023\/12\/Xb6reCov_t2.png","contentUrl":"https:\/\/fromago.info\/aef\/wp-content\/uploads\/2023\/12\/Xb6reCov_t2.png","width":400,"height":289},{"@type":"BreadcrumbList","@id":"https:\/\/fromago.info\/pt-pt\/apresentacao-de-ovejas-fromago-em-salamanca\/#breadcrumb","itemListElement":[{"@type":"ListItem","position":1,"name":"Portada","item":"https:\/\/fromago.info\/pt-pt\/inicio\/"},{"@type":"ListItem","position":2,"name":"Apresenta\u00e7\u00e3o de Ovejas Fromago em Salamanca"}]},{"@type":"WebSite","@id":"https:\/\/fromago.info\/pt-pt\/#website","url":"https:\/\/fromago.info\/pt-pt\/","name":"Fromago 2026 - Cheese Experience - Zamora","description":"El mayor evento quesero de Espa\u00f1a","publisher":{"@id":"https:\/\/fromago.info\/pt-pt\/#organization"},"alternateName":"Fromago 2026 - Cheese Experience","potentialAction":[{"@type":"SearchAction","target":{"@type":"EntryPoint","urlTemplate":"https:\/\/fromago.info\/pt-pt\/?s={search_term_string}"},"query-input":{"@type":"PropertyValueSpecification","valueRequired":true,"valueName":"search_term_string"}}],"inLanguage":"pt-PT"},{"@type":"Organization","@id":"https:\/\/fromago.info\/pt-pt\/#organization","name":"Fromago 2026 - Cheese Experience","alternateName":"Fromago 2026 - Cheese Experience - Zamora","url":"https:\/\/fromago.info\/pt-pt\/","logo":{"@type":"ImageObject","inLanguage":"pt-PT","@id":"https:\/\/fromago.info\/pt-pt\/#\/schema\/logo\/image\/","url":"https:\/\/fromago.info\/aef\/wp-content\/uploads\/logo-fromago-triangulo.jpg","contentUrl":"https:\/\/fromago.info\/aef\/wp-content\/uploads\/logo-fromago-triangulo.jpg","width":1417,"height":1417,"caption":"Fromago 2026 - Cheese Experience"},"image":{"@id":"https:\/\/fromago.info\/pt-pt\/#\/schema\/logo\/image\/"},"sameAs":["https:\/\/www.facebook.com\/FromagoZamora\/","https:\/\/x.com\/FromagoZamora","https:\/\/www.instagram.com\/fromagozamora\/","https:\/\/www.youtube.com\/@FromagoZamora"]},{"@type":"Person","@id":"https:\/\/fromago.info\/pt-pt\/#\/schema\/person\/068651ce42fa2eeb7fbd0a0a1f509037","name":"Fromago","image":{"@type":"ImageObject","inLanguage":"pt-PT","@id":"https:\/\/secure.gravatar.com\/avatar\/96a2420f1490ecf1101095371e7278b950a339202bec11ab010fe4e5a6c73e40?s=96&d=mm&r=g","url":"https:\/\/secure.gravatar.com\/avatar\/96a2420f1490ecf1101095371e7278b950a339202bec11ab010fe4e5a6c73e40?s=96&d=mm&r=g","contentUrl":"https:\/\/secure.gravatar.com\/avatar\/96a2420f1490ecf1101095371e7278b950a339202bec11ab010fe4e5a6c73e40?s=96&d=mm&r=g","caption":"Fromago"}}]}},"_links":{"self":[{"href":"https:\/\/fromago.info\/pt-pt\/wp-json\/wp\/v2\/posts\/850","targetHints":{"allow":["GET"]}}],"collection":[{"href":"https:\/\/fromago.info\/pt-pt\/wp-json\/wp\/v2\/posts"}],"about":[{"href":"https:\/\/fromago.info\/pt-pt\/wp-json\/wp\/v2\/types\/post"}],"author":[{"embeddable":true,"href":"https:\/\/fromago.info\/pt-pt\/wp-json\/wp\/v2\/users\/1"}],"replies":[{"embeddable":true,"href":"https:\/\/fromago.info\/pt-pt\/wp-json\/wp\/v2\/comments?post=850"}],"version-history":[{"count":0,"href":"https:\/\/fromago.info\/pt-pt\/wp-json\/wp\/v2\/posts\/850\/revisions"}],"wp:featuredmedia":[{"embeddable":true,"href":"https:\/\/fromago.info\/pt-pt\/wp-json\/wp\/v2\/media\/282"}],"wp:attachment":[{"href":"https:\/\/fromago.info\/pt-pt\/wp-json\/wp\/v2\/media?parent=850"}],"wp:term":[{"taxonomy":"category","embeddable":true,"href":"https:\/\/fromago.info\/pt-pt\/wp-json\/wp\/v2\/categories?post=850"},{"taxonomy":"post_tag","embeddable":true,"href":"https:\/\/fromago.info\/pt-pt\/wp-json\/wp\/v2\/tags?post=850"}],"curies":[{"name":"wp","href":"https:\/\/api.w.org\/{rel}","templated":true}]}}